{"id":13,"date":"2016-11-12T14:00:19","date_gmt":"2016-11-12T13:00:19","guid":{"rendered":"http:\/\/orguesaintpierredalbigny.fr\/?p=13"},"modified":"2017-02-15T22:57:55","modified_gmt":"2017-02-15T21:57:55","slug":"concert-du-nouvel-an-22-janvier-2017-a-17h","status":"publish","type":"post","link":"https:\/\/orguesaintpierredalbigny.fr\/?p=13","title":{"rendered":"Concert du 22 janvier 2017"},"content":{"rendered":"<p>Le <strong>Concert du Nouvel An<\/strong> a eu lieu le dimanche\u00a0<strong>22 janvier 2017<\/strong> \u00e0 17h.<\/p>\n<h2>Polyphonies vocales &amp; Pi\u00e8ces d&rsquo;orgue des XVI-XVII\u00e8mes si\u00e8cles<\/h2>\n<p><img loading=\"lazy\" decoding=\"async\" class=\"aligncenter size-full wp-image-138\" src=\"https:\/\/orguesaintpierredalbigny.fr\/wp-content\/uploads\/2017\/01\/Concert-du-Nouvel-An_22_Janvier_2017.jpg\" alt=\"Concert du Nouvel An 22 Janvier 2017\" width=\"644\" height=\"457\" srcset=\"https:\/\/orguesaintpierredalbigny.fr\/wp-content\/uploads\/2017\/01\/Concert-du-Nouvel-An_22_Janvier_2017.jpg 644w, https:\/\/orguesaintpierredalbigny.fr\/wp-content\/uploads\/2017\/01\/Concert-du-Nouvel-An_22_Janvier_2017-300x213.jpg 300w\" sizes=\"auto, (max-width: 709px) 85vw, (max-width: 909px) 67vw, (max-width: 984px) 61vw, (max-width: 1362px) 45vw, 600px\" \/><\/p>\n<p>Ensemble vocal <a href=\"http:\/\/www.stravaganza.fr\/inside\/ensemble.php\" target=\"_blank\">Stravaganza<\/a> sous la direction de <a href=\"http:\/\/www.stravaganza.fr\/inside\/profils.php\" target=\"_blank\">Yves Rassendren<\/a>\u00a0(direction &amp; orgue), avec\u00a0Marie Demeilliez\u00a0(accompagnement \u00e0 l&rsquo;orgue)<\/p>\n<p>(T\u00e9l\u00e9charger le\u00a0<a href=\"https:\/\/orguesaintpierredalbigny.fr\/wp-content\/uploads\/2017\/01\/Programme-Concert-Nouvel-An-22-Janvier-2017.pdf\" target=\"_blank\">Programme du Concert<\/a> en fichier PDF)<\/p>\n<ul>\n<li>35 choristes + orgue continuo<\/li>\n<li>orgue seul<\/li>\n<\/ul>\n<p><img loading=\"lazy\" decoding=\"async\" class=\"alignleft size-medium wp-image-45\" src=\"https:\/\/orguesaintpierredalbigny.fr\/wp-content\/uploads\/2016\/11\/Stravaganza-300x225.jpg\" alt=\"stravaganza\" width=\"300\" height=\"225\" srcset=\"https:\/\/orguesaintpierredalbigny.fr\/wp-content\/uploads\/2016\/11\/Stravaganza-300x225.jpg 300w, https:\/\/orguesaintpierredalbigny.fr\/wp-content\/uploads\/2016\/11\/Stravaganza.jpg 360w\" sizes=\"auto, (max-width: 300px) 85vw, 300px\" \/><\/p>\n","protected":false},"excerpt":{"rendered":"<p>Le Concert du Nouvel An a eu lieu le dimanche\u00a022 janvier 2017 \u00e0 17h. Polyphonies vocales &amp; Pi\u00e8ces d&rsquo;orgue des XVI-XVII\u00e8mes si\u00e8cles Ensemble vocal Stravaganza sous la direction de Yves Rassendren\u00a0(direction &amp; orgue), avec\u00a0Marie Demeilliez\u00a0(accompagnement \u00e0 l&rsquo;orgue) (T\u00e9l\u00e9charger le\u00a0Programme du Concert en fichier PDF) 35 choristes + orgue continuo orgue seul<\/p>\n","protected":false},"author":1,"featured_media":0,"comment_status":"open","ping_status":"open","sticky":false,"template":"","format":"standard","meta":{"footnotes":""},"categories":[2],"tags":[],"class_list":["post-13","post","type-post","status-publish","format-standard","hentry","category-concerts-2017"],"_links":{"self":[{"href":"https:\/\/orguesaintpierredalbigny.fr\/index.php?rest_route=\/wp\/v2\/posts\/13","targetHints":{"allow":["GET"]}}],"collection":[{"href":"https:\/\/orguesaintpierredalbigny.fr\/index.php?rest_route=\/wp\/v2\/posts"}],"about":[{"href":"https:\/\/orguesaintpierredalbigny.fr\/index.php?rest_route=\/wp\/v2\/types\/post"}],"author":[{"embeddable":true,"href":"https:\/\/orguesaintpierredalbigny.fr\/index.php?rest_route=\/wp\/v2\/users\/1"}],"replies":[{"embeddable":true,"href":"https:\/\/orguesaintpierredalbigny.fr\/index.php?rest_route=%2Fwp%2Fv2%2Fcomments&post=13"}],"version-history":[{"count":15,"href":"https:\/\/orguesaintpierredalbigny.fr\/index.php?rest_route=\/wp\/v2\/posts\/13\/revisions"}],"predecessor-version":[{"id":160,"href":"https:\/\/orguesaintpierredalbigny.fr\/index.php?rest_route=\/wp\/v2\/posts\/13\/revisions\/160"}],"wp:attachment":[{"href":"https:\/\/orguesaintpierredalbigny.fr\/index.php?rest_route=%2Fwp%2Fv2%2Fmedia&parent=13"}],"wp:term":[{"taxonomy":"category","embeddable":true,"href":"https:\/\/orguesaintpierredalbigny.fr\/index.php?rest_route=%2Fwp%2Fv2%2Fcategories&post=13"},{"taxonomy":"post_tag","embeddable":true,"href":"https:\/\/orguesaintpierredalbigny.fr\/index.php?rest_route=%2Fwp%2Fv2%2Ftags&post=13"}],"curies":[{"name":"wp","href":"https:\/\/api.w.org\/{rel}","templated":true}]}}