{"id":29,"date":"2016-11-12T12:00:24","date_gmt":"2016-11-12T11:00:24","guid":{"rendered":"http:\/\/orguesaintpierredalbigny.fr\/?p=29"},"modified":"2017-08-29T11:02:54","modified_gmt":"2017-08-29T09:02:54","slug":"concert-du-1er-octobre-2017","status":"publish","type":"post","link":"https:\/\/orguesaintpierredalbigny.fr\/?p=29","title":{"rendered":"Concert du 1er octobre 2017"},"content":{"rendered":"<p>Concert du dimanche\u00a0<strong>1er octobre 2017<\/strong>, \u00e0 17h30 :<\/p>\n<h2>R\u00e9cital d&rsquo;Orgue : Couperin, Cl\u00e9rembault, Bach<\/h2>\n<ul>\n<li><a href=\"http:\/\/www.abbaye-aux-hommes.fr\/Bouvet\/pages2\/page2.html\" target=\"_blank\" rel=\"noopener\">Alain Bouvet<\/a>, orgue.<\/li>\n<\/ul>\n<p><img loading=\"lazy\" decoding=\"async\" class=\"size-full wp-image-189 alignnone\" src=\"https:\/\/orguesaintpierredalbigny.fr\/wp-content\/uploads\/2017\/08\/Alain_Bouvet.jpg\" alt=\"\" width=\"354\" height=\"271\" srcset=\"https:\/\/orguesaintpierredalbigny.fr\/wp-content\/uploads\/2017\/08\/Alain_Bouvet.jpg 354w, https:\/\/orguesaintpierredalbigny.fr\/wp-content\/uploads\/2017\/08\/Alain_Bouvet-300x230.jpg 300w\" sizes=\"auto, (max-width: 354px) 85vw, 354px\" \/><\/p>\n<p><strong>Alain BOUVET<\/strong> est titulaire du Grand Orgue Cavaill\u00e9-Coll de l\u2019abbatiale Saint \u00c9tienne de Caen. \u00a0Il interpr\u00e9tera les oeuvres suivantes :<\/p>\n<ul>\n<li style=\"padding-left: 30px;\"><em>Auteurs anonymes de la Renaissance<\/em> :\u00a0Trois \u00ab danseries \u00bb (Angleterre-Espagne-Italie)<\/li>\n<li style=\"padding-left: 30px;\"><em>Fran\u00e7ois COUPERIN (1668-1733)<\/em> :\u00a0S\u0153ur Monique (transcription d&rsquo;un extrait des Pi\u00e8ces de clavecin du Livre III)<\/li>\n<li style=\"padding-left: 30px;\"><em>Louis Nicolas CLERAMBAULT (1676-1749)<\/em> :\u00a0Trois extraits de la suite du 2\u00e8me ton ( Plein-Jeu, Basse de Cromorne, Caprice sur les<br \/>\nGrand-Jeux)<\/li>\n<li style=\"padding-left: 30px;\"><em>Johann Sebastian BACH (1685-1750)<\/em> :\n<ul>\n<li style=\"padding-left: 30px;\">Choral \u00ab Liebster Jesu wir sind hier \u00bb (extrait de l&rsquo;Orgelb\u00fcchlein) BWV 634<\/li>\n<li style=\"padding-left: 30px;\">Sinfonia de la cantate \u00ab Wir danken dir, Gott \u00bb BWV 29<\/li>\n<li style=\"padding-left: 30px;\">Aria (transcription de l&rsquo;extrait de la Suite n\u00b0 3 pour orchestre en r\u00e9 majeur BWV 1068)<\/li>\n<li style=\"padding-left: 30px;\">Concerto en la mineur BWV 593 d&rsquo;apr\u00e8s un concerto pour deux violons de Vivaldi RV\u00a0522 (extrait de L&rsquo;estro armonico)<\/li>\n<\/ul>\n<\/li>\n<\/ul>\n<p>&nbsp;<\/p>\n","protected":false},"excerpt":{"rendered":"<p>Concert du dimanche\u00a01er octobre 2017, \u00e0 17h30 : R\u00e9cital d&rsquo;Orgue : Couperin, Cl\u00e9rembault, Bach Alain Bouvet, orgue. Alain BOUVET est titulaire du Grand Orgue Cavaill\u00e9-Coll de l\u2019abbatiale Saint \u00c9tienne de Caen. \u00a0Il interpr\u00e9tera les oeuvres suivantes : Auteurs anonymes de la Renaissance :\u00a0Trois \u00ab danseries \u00bb (Angleterre-Espagne-Italie) Fran\u00e7ois COUPERIN (1668-1733) :\u00a0S\u0153ur Monique (transcription d&rsquo;un extrait &hellip; <a href=\"https:\/\/orguesaintpierredalbigny.fr\/?p=29\" class=\"more-link\">Continuer la lecture<span class=\"screen-reader-text\"> de &laquo;&nbsp;Concert du 1er octobre 2017&nbsp;&raquo;<\/span><\/a><\/p>\n","protected":false},"author":1,"featured_media":0,"comment_status":"open","ping_status":"open","sticky":false,"template":"","format":"standard","meta":{"footnotes":""},"categories":[2],"tags":[],"class_list":["post-29","post","type-post","status-publish","format-standard","hentry","category-concerts-2017"],"_links":{"self":[{"href":"https:\/\/orguesaintpierredalbigny.fr\/index.php?rest_route=\/wp\/v2\/posts\/29","targetHints":{"allow":["GET"]}}],"collection":[{"href":"https:\/\/orguesaintpierredalbigny.fr\/index.php?rest_route=\/wp\/v2\/posts"}],"about":[{"href":"https:\/\/orguesaintpierredalbigny.fr\/index.php?rest_route=\/wp\/v2\/types\/post"}],"author":[{"embeddable":true,"href":"https:\/\/orguesaintpierredalbigny.fr\/index.php?rest_route=\/wp\/v2\/users\/1"}],"replies":[{"embeddable":true,"href":"https:\/\/orguesaintpierredalbigny.fr\/index.php?rest_route=%2Fwp%2Fv2%2Fcomments&post=29"}],"version-history":[{"count":12,"href":"https:\/\/orguesaintpierredalbigny.fr\/index.php?rest_route=\/wp\/v2\/posts\/29\/revisions"}],"predecessor-version":[{"id":190,"href":"https:\/\/orguesaintpierredalbigny.fr\/index.php?rest_route=\/wp\/v2\/posts\/29\/revisions\/190"}],"wp:attachment":[{"href":"https:\/\/orguesaintpierredalbigny.fr\/index.php?rest_route=%2Fwp%2Fv2%2Fmedia&parent=29"}],"wp:term":[{"taxonomy":"category","embeddable":true,"href":"https:\/\/orguesaintpierredalbigny.fr\/index.php?rest_route=%2Fwp%2Fv2%2Fcategories&post=29"},{"taxonomy":"post_tag","embeddable":true,"href":"https:\/\/orguesaintpierredalbigny.fr\/index.php?rest_route=%2Fwp%2Fv2%2Ftags&post=29"}],"curies":[{"name":"wp","href":"https:\/\/api.w.org\/{rel}","templated":true}]}}