{"id":308,"date":"2020-08-16T21:19:46","date_gmt":"2020-08-16T19:19:46","guid":{"rendered":"http:\/\/orguesaintpierredalbigny.fr\/?p=308"},"modified":"2020-08-16T21:19:46","modified_gmt":"2020-08-16T19:19:46","slug":"concert-du-12-janvier-2020","status":"publish","type":"post","link":"https:\/\/orguesaintpierredalbigny.fr\/?p=308","title":{"rendered":"Concert du 12 janvier 2020"},"content":{"rendered":"<p><span style=\"font-family: Liberation Serif, serif;\"><span style=\"font-size: medium;\"><span lang=\"fr-FR\"><strong><span style=\"font-size: large;\">Concert de Nouvel An <\/span><\/strong><\/span><\/span><\/span><\/p>\n<p><span style=\"font-family: Liberation Serif, serif;\"><span style=\"font-size: medium;\"><span lang=\"fr-FR\"><strong><span style=\"font-size: large;\">Ensemble UNACORDA \u2013\u00a0 12 Janvier 2020 \u00e0 17h <\/span><\/strong><\/span><\/span><\/span><\/p>\n<p><span style=\"font-family: Liberation Serif, serif;\"><span style=\"font-size: medium;\"><span lang=\"fr-FR\">Direction Alexis GIPOULOU, Orgue Stan THEODAS, Violoncelle Sandrine DANFLOUS<\/span><\/span><\/span><\/p>\n<p><span style=\"font-family: Liberation Serif, serif;\"><span style=\"font-size: medium;\"><span lang=\"fr-FR\">Choeur d\u2019hommes, Orgue et Violoncelle<\/span><\/span><\/span><\/p>\n<p><img loading=\"lazy\" decoding=\"async\" class=\"aligncenter size-large wp-image-294\" src=\"https:\/\/orguesaintpierredalbigny.fr\/wp-content\/uploads\/2019\/12\/Ensemble-Unacorda-1024x683.jpg\" alt=\"\" width=\"840\" height=\"560\" srcset=\"https:\/\/orguesaintpierredalbigny.fr\/wp-content\/uploads\/2019\/12\/Ensemble-Unacorda-1024x683.jpg 1024w, https:\/\/orguesaintpierredalbigny.fr\/wp-content\/uploads\/2019\/12\/Ensemble-Unacorda-300x200.jpg 300w, https:\/\/orguesaintpierredalbigny.fr\/wp-content\/uploads\/2019\/12\/Ensemble-Unacorda-768x512.jpg 768w, https:\/\/orguesaintpierredalbigny.fr\/wp-content\/uploads\/2019\/12\/Ensemble-Unacorda-1200x800.jpg 1200w, https:\/\/orguesaintpierredalbigny.fr\/wp-content\/uploads\/2019\/12\/Ensemble-Unacorda.jpg 1500w\" sizes=\"auto, (max-width: 709px) 85vw, (max-width: 909px) 67vw, (max-width: 1362px) 62vw, 840px\" \/><\/p>\n<p><span style=\"font-family: Liberation Serif, serif;\"><span style=\"font-size: medium;\"><span lang=\"fr-FR\">Au programme :<\/span><\/span><\/span><\/p>\n<p>\u2013 <span style=\"font-family: Liberation Serif, serif;\"><span style=\"font-size: medium;\"><span lang=\"fr-FR\">Florent SCHMITT :\u00a0<i>Cantique de Sim\u00e9on op 135-3 <\/i>(choeur a capella)<\/span><\/span><\/span><\/p>\n<p>\u2013 <span style=\"font-family: Liberation Serif, serif;\"><span style=\"font-size: medium;\"><span lang=\"fr-FR\">Jean-S\u00e9bastien BACH : Pr\u00e9lude et fugue en do mineur BWV 549 (orgue)<\/span><\/span><\/span><\/p>\n<p>\u2013 <span style=\"font-family: Liberation Serif, serif;\"><span style=\"font-size: medium;\"><span lang=\"fr-FR\">Michel LAMBERT :\u00a0<i>Le\u00e7ons de T\u00e9n\u00e8bres \u2013 extraits<\/i>\u00a0(soliste et continuo)<\/span><\/span><\/span><\/p>\n<p>\u2013 <span style=\"font-family: Liberation Serif, serif;\"><span style=\"font-size: medium;\"><span lang=\"fr-FR\">Marc-Antoine CHARPENTIER :\u00a0<i>M\u00e9ditations pour le Car\u00eame<\/i> (choeur et continuo)<\/span><\/span><\/span><\/p>\n<p>\u2013 <span style=\"font-family: Liberation Serif, serif;\"><span style=\"font-size: medium;\"><span lang=\"fr-FR\">Francis POULENC :\u00a0<i>Quatre Petites Pri\u00e8res de Saint-Fran\u00e7ois d\u2019Assise <\/i>(choeur a capella)<\/span><\/span><\/span><\/p>\n<p>\u2013 <span style=\"font-family: Liberation Serif, serif;\"><span style=\"font-size: medium;\"><span lang=\"fr-FR\">Jean-S\u00e9bastien BACH : Fantaisie en la mineur BWV 904 (orgue)<\/span><\/span><\/span><\/p>\n<p>\u2013 <span style=\"font-family: Liberation Serif, serif;\"><span style=\"font-size: medium;\"><span lang=\"fr-FR\">Joseph Bodin de BOISMORTIER :\u00a0<em>Suite de pi\u00e8ces\u00a0que l\u2019on peut jouer seul<\/em> op. 40<em> \u2013 extraits<\/em> (violoncelle)<\/span><\/span><\/span><\/p>\n<p>\u2013 <span style=\"font-family: Liberation Serif, serif;\"><span style=\"font-size: medium;\"><span lang=\"fr-FR\">Jean-S\u00e9bastien BACH : Toccata et fugue en r\u00e9 mineur BWV 565 (orgue)<\/span><\/span><\/span><\/p>\n","protected":false},"excerpt":{"rendered":"<p>Concert de Nouvel An Ensemble UNACORDA \u2013\u00a0 12 Janvier 2020 \u00e0 17h Direction Alexis GIPOULOU, Orgue Stan THEODAS, Violoncelle Sandrine DANFLOUS Choeur d\u2019hommes, Orgue et Violoncelle Au programme : \u2013 Florent SCHMITT :\u00a0Cantique de Sim\u00e9on op 135-3 (choeur a capella) \u2013 Jean-S\u00e9bastien BACH : Pr\u00e9lude et fugue en do mineur BWV 549 (orgue) \u2013 Michel &hellip; <a href=\"https:\/\/orguesaintpierredalbigny.fr\/?p=308\" class=\"more-link\">Continuer la lecture<span class=\"screen-reader-text\"> de &laquo;&nbsp;Concert du 12 janvier 2020&nbsp;&raquo;<\/span><\/a><\/p>\n","protected":false},"author":1,"featured_media":0,"comment_status":"closed","ping_status":"open","sticky":false,"template":"","format":"standard","meta":{"footnotes":""},"categories":[17],"tags":[],"class_list":["post-308","post","type-post","status-publish","format-standard","hentry","category-concerts-2020"],"_links":{"self":[{"href":"https:\/\/orguesaintpierredalbigny.fr\/index.php?rest_route=\/wp\/v2\/posts\/308","targetHints":{"allow":["GET"]}}],"collection":[{"href":"https:\/\/orguesaintpierredalbigny.fr\/index.php?rest_route=\/wp\/v2\/posts"}],"about":[{"href":"https:\/\/orguesaintpierredalbigny.fr\/index.php?rest_route=\/wp\/v2\/types\/post"}],"author":[{"embeddable":true,"href":"https:\/\/orguesaintpierredalbigny.fr\/index.php?rest_route=\/wp\/v2\/users\/1"}],"replies":[{"embeddable":true,"href":"https:\/\/orguesaintpierredalbigny.fr\/index.php?rest_route=%2Fwp%2Fv2%2Fcomments&post=308"}],"version-history":[{"count":1,"href":"https:\/\/orguesaintpierredalbigny.fr\/index.php?rest_route=\/wp\/v2\/posts\/308\/revisions"}],"predecessor-version":[{"id":309,"href":"https:\/\/orguesaintpierredalbigny.fr\/index.php?rest_route=\/wp\/v2\/posts\/308\/revisions\/309"}],"wp:attachment":[{"href":"https:\/\/orguesaintpierredalbigny.fr\/index.php?rest_route=%2Fwp%2Fv2%2Fmedia&parent=308"}],"wp:term":[{"taxonomy":"category","embeddable":true,"href":"https:\/\/orguesaintpierredalbigny.fr\/index.php?rest_route=%2Fwp%2Fv2%2Fcategories&post=308"},{"taxonomy":"post_tag","embeddable":true,"href":"https:\/\/orguesaintpierredalbigny.fr\/index.php?rest_route=%2Fwp%2Fv2%2Ftags&post=308"}],"curies":[{"name":"wp","href":"https:\/\/api.w.org\/{rel}","templated":true}]}}