{"id":345,"date":"2022-03-02T10:44:38","date_gmt":"2022-03-02T09:44:38","guid":{"rendered":"https:\/\/orguesaintpierredalbigny.fr\/?p=345"},"modified":"2022-03-02T10:44:38","modified_gmt":"2022-03-02T09:44:38","slug":"fete-des-10-ans-de-lorgue","status":"publish","type":"post","link":"https:\/\/orguesaintpierredalbigny.fr\/?p=345","title":{"rendered":"F\u00eate des 10 ans de l&rsquo;orgue"},"content":{"rendered":"\n<h1 class=\"wp-block-heading\">L\u2019orgue de Saint-Pierre-d\u2019Albigny a f\u00eat\u00e9 ses 10 ans en octobre 2020 !<\/h1>\n\n\n\n<h1 class=\"wp-block-heading\"><img loading=\"lazy\" decoding=\"async\" src=\"https:\/\/orguesaintpierredalbigny.fr\/wp-content\/uploads\/2020\/08\/affiche-concert-des-10-ans-octobre-2020-724x1024.jpg\" alt=\"\" width=\"407\" height=\"594\"><\/h1>\n\n\n\n<h2 class=\"wp-block-heading\">Week-end du 3 et 4 Octobre 2020<\/h2>\n\n\n\n<p>A cette occasion, les Amis de l\u2019orgue ont eu la joie de vous convier aux festivit\u00e9s tout au long de ce week-end, afin de f\u00eater la musique et le service rendu par ce bel orgue Thomas: \u2013 <strong>Master Class<\/strong> avec Thibaut Duret le 3 Octobre \u2013 <strong>Messe solennelle<\/strong> le 4 Octobre, avec Monseigneur Ballot, Ev\u00eaque de Chamb\u00e9ry, avec chantres et orgue \u2013 <strong>Concert<\/strong><strong>des<\/strong><strong>10 <\/strong>ans, avec Thibaut Duret, et retransmission sur \u00e9cran g\u00e9ant, le 4 Octobre.<\/p>\n\n\n\n<h3 class=\"wp-block-heading\">Master Class avec Thibaut Duret le 3 Octobre<\/h3>\n\n\n\n<p>La Master Class de Thibaut Duret, destin\u00e9e aux \u00e9tudiants-organistes de diff\u00e9rents conservatoires de la r\u00e9gion Auvergne Rh\u00f4nes-Alpes, a \u00e9t\u00e9 retransmise en direct, depuis la nef, sur \u00e9cran g\u00e9ant.<\/p>\n\n\n\n<h3 class=\"wp-block-heading\">Messe solennelle le 4 Octobre<\/h3>\n\n\n\n<p>En pr\u00e9sence de Monseigneur Ballot Ev\u00eaque de Chamb\u00e9ry, qui a inaugur\u00e9 l\u2019orgue en 2010. La messe a \u00e9t\u00e9 accompagn\u00e9e par Thibaut Duret \u00e0 l\u2019orgue, et par les chantres de la cath\u00e9drale de Chamb\u00e9ry.<\/p>\n\n\n\n<h3 class=\"wp-block-heading\">Concert des 10 ans, par Thibaut Duret, avec \u00e9cran g\u00e9ant, le 4 Octobre<\/h3>\n\n\n\n<p>Ce r\u00e9cital exceptionnel a \u00e9t\u00e9 l\u2019occasion de partager avec un large public cet \u00e9v\u00e9nement anniversaire, retransmis sur \u00e9cran g\u00e9ant, avec des moyens qui ont pu d\u00e9passer ceux des concerts pr\u00e9c\u00e9dents. Thibaut Duret a concoct\u00e9 un magnifique programme de r\u00e9cital : Bach, du grand Bach, du Buxtehude, et des surprises\u2026<\/p>\n","protected":false},"excerpt":{"rendered":"<p>L\u2019orgue de Saint-Pierre-d\u2019Albigny a f\u00eat\u00e9 ses 10 ans en octobre 2020 ! Week-end du 3 et 4 Octobre 2020 A cette occasion, les Amis de l\u2019orgue ont eu la joie de vous convier aux festivit\u00e9s tout au long de ce week-end, afin de f\u00eater la musique et le service rendu par ce bel orgue Thomas: &hellip; <a href=\"https:\/\/orguesaintpierredalbigny.fr\/?p=345\" class=\"more-link\">Continuer la lecture<span class=\"screen-reader-text\"> de &laquo;&nbsp;F\u00eate des 10 ans de l&rsquo;orgue&nbsp;&raquo;<\/span><\/a><\/p>\n","protected":false},"author":1,"featured_media":0,"comment_status":"closed","ping_status":"open","sticky":false,"template":"","format":"standard","meta":{"footnotes":""},"categories":[17,1],"tags":[],"class_list":["post-345","post","type-post","status-publish","format-standard","hentry","category-concerts-2020","category-non-classe"],"_links":{"self":[{"href":"https:\/\/orguesaintpierredalbigny.fr\/index.php?rest_route=\/wp\/v2\/posts\/345","targetHints":{"allow":["GET"]}}],"collection":[{"href":"https:\/\/orguesaintpierredalbigny.fr\/index.php?rest_route=\/wp\/v2\/posts"}],"about":[{"href":"https:\/\/orguesaintpierredalbigny.fr\/index.php?rest_route=\/wp\/v2\/types\/post"}],"author":[{"embeddable":true,"href":"https:\/\/orguesaintpierredalbigny.fr\/index.php?rest_route=\/wp\/v2\/users\/1"}],"replies":[{"embeddable":true,"href":"https:\/\/orguesaintpierredalbigny.fr\/index.php?rest_route=%2Fwp%2Fv2%2Fcomments&post=345"}],"version-history":[{"count":1,"href":"https:\/\/orguesaintpierredalbigny.fr\/index.php?rest_route=\/wp\/v2\/posts\/345\/revisions"}],"predecessor-version":[{"id":346,"href":"https:\/\/orguesaintpierredalbigny.fr\/index.php?rest_route=\/wp\/v2\/posts\/345\/revisions\/346"}],"wp:attachment":[{"href":"https:\/\/orguesaintpierredalbigny.fr\/index.php?rest_route=%2Fwp%2Fv2%2Fmedia&parent=345"}],"wp:term":[{"taxonomy":"category","embeddable":true,"href":"https:\/\/orguesaintpierredalbigny.fr\/index.php?rest_route=%2Fwp%2Fv2%2Fcategories&post=345"},{"taxonomy":"post_tag","embeddable":true,"href":"https:\/\/orguesaintpierredalbigny.fr\/index.php?rest_route=%2Fwp%2Fv2%2Ftags&post=345"}],"curies":[{"name":"wp","href":"https:\/\/api.w.org\/{rel}","templated":true}]}}