{"id":381,"date":"2023-01-15T11:51:42","date_gmt":"2023-01-15T10:51:42","guid":{"rendered":"https:\/\/orguesaintpierredalbigny.fr\/?p=381"},"modified":"2023-01-15T11:51:42","modified_gmt":"2023-01-15T10:51:42","slug":"journees-du-patrimoine-2022","status":"publish","type":"post","link":"https:\/\/orguesaintpierredalbigny.fr\/?p=381","title":{"rendered":"Journ\u00e9es du Patrimoine 2022"},"content":{"rendered":"\n<p><\/p>\n\n\n\n<p><\/p>\n\n\n\n<p>Si vous avez toujours voulu savoir ce qui se cache derri\u00e8re la grande fa\u00e7ade de l\u2019orgue de Saint-Pierre d\u2019Albigny, et comment l\u2019organiste joue de son instrument, vous aurez r\u00e9ponse \u00e0 ces questions \u00e0 l\u2019occasion des Journ\u00e9es du Patrimoine 2022. Venez frapper \u00e0 la porte de la tribune, le samedi 17 Septembre 2022 \u00e0 10h. L\u2019entr\u00e9e est libre.<\/p>\n\n\n\n<div class=\"wp-block-image\"><figure class=\"aligncenter\"><img loading=\"lazy\" decoding=\"async\" width=\"724\" height=\"1024\" src=\"https:\/\/orguesaintpierredalbigny.fr\/wp-content\/uploads\/2022\/09\/AFFICHE-JOURNEES-DU-PATRIMOINE-2022-724x1024.jpg\" alt=\"\" class=\"wp-image-371\" srcset=\"https:\/\/orguesaintpierredalbigny.fr\/wp-content\/uploads\/2022\/09\/AFFICHE-JOURNEES-DU-PATRIMOINE-2022-724x1024.jpg 724w, https:\/\/orguesaintpierredalbigny.fr\/wp-content\/uploads\/2022\/09\/AFFICHE-JOURNEES-DU-PATRIMOINE-2022-212x300.jpg 212w, https:\/\/orguesaintpierredalbigny.fr\/wp-content\/uploads\/2022\/09\/AFFICHE-JOURNEES-DU-PATRIMOINE-2022-768x1086.jpg 768w, https:\/\/orguesaintpierredalbigny.fr\/wp-content\/uploads\/2022\/09\/AFFICHE-JOURNEES-DU-PATRIMOINE-2022-1086x1536.jpg 1086w, https:\/\/orguesaintpierredalbigny.fr\/wp-content\/uploads\/2022\/09\/AFFICHE-JOURNEES-DU-PATRIMOINE-2022-1448x2048.jpg 1448w, https:\/\/orguesaintpierredalbigny.fr\/wp-content\/uploads\/2022\/09\/AFFICHE-JOURNEES-DU-PATRIMOINE-2022-1200x1697.jpg 1200w, https:\/\/orguesaintpierredalbigny.fr\/wp-content\/uploads\/2022\/09\/AFFICHE-JOURNEES-DU-PATRIMOINE-2022-scaled.jpg 1810w\" sizes=\"auto, (max-width: 709px) 85vw, (max-width: 909px) 67vw, (max-width: 984px) 61vw, (max-width: 1362px) 45vw, 600px\" \/><\/figure><\/div>\n\n\n\n<h1 class=\"wp-block-heading\">Hautbois baroque et Orgue le 2 Octobre 2022 \u2013 17h<\/h1>\n\n\n\n<h3 class=\"wp-block-heading\">Josselin DULAC (hautbois) et Christopher HAINSWORTH (orgue)<\/h3>\n\n\n\n<p>Les musiciens interpr\u00e9teront un concert dont le th\u00e8me est \u00ab&nbsp;Autour de Bach&nbsp;\u00bb, avec des oeuvres de Haendel, Buxtehude, Kunhau, Sammartini, de Grigny, Scarlatti, Geminiani, Marcello, et bien s\u00fbr J.S.Bach.<\/p>\n\n\n\n<p>Un programme vari\u00e9 et \u00e9clectique, dans lequel alternent moments brillants et pi\u00e8ces douces et m\u00e9lancoliques, pour le plus grand plaisir de nos oreilles et de nos coeurs.<\/p>\n\n\n\n<p>Josselin DULAC et Christophe HAINSWORTH viennent tous deux de B\u00e9ziers ; Duo original, ils sont li\u00e9s par une grande amiti\u00e9 et de longues ann\u00e9es de pratique musicale.<\/p>\n\n\n\n<figure class=\"wp-block-image\"><img loading=\"lazy\" decoding=\"async\" width=\"300\" height=\"300\" src=\"https:\/\/orguesaintpierredalbigny.fr\/wp-content\/uploads\/2022\/09\/Photo-Josselin-Dulac-hautbois-baroque-300x300.jpg\" alt=\"\" class=\"wp-image-374\" srcset=\"https:\/\/orguesaintpierredalbigny.fr\/wp-content\/uploads\/2022\/09\/Photo-Josselin-Dulac-hautbois-baroque-300x300.jpg 300w, https:\/\/orguesaintpierredalbigny.fr\/wp-content\/uploads\/2022\/09\/Photo-Josselin-Dulac-hautbois-baroque-1024x1024.jpg 1024w, https:\/\/orguesaintpierredalbigny.fr\/wp-content\/uploads\/2022\/09\/Photo-Josselin-Dulac-hautbois-baroque-150x150.jpg 150w, https:\/\/orguesaintpierredalbigny.fr\/wp-content\/uploads\/2022\/09\/Photo-Josselin-Dulac-hautbois-baroque-768x768.jpg 768w, https:\/\/orguesaintpierredalbigny.fr\/wp-content\/uploads\/2022\/09\/Photo-Josselin-Dulac-hautbois-baroque.jpg 1032w\" sizes=\"auto, (max-width: 300px) 85vw, 300px\" \/><\/figure>\n\n\n\n<figure class=\"wp-block-image\"><img loading=\"lazy\" decoding=\"async\" width=\"225\" height=\"300\" src=\"https:\/\/orguesaintpierredalbigny.fr\/wp-content\/uploads\/2022\/09\/Hainsworth-225x300.jpg\" alt=\"\" class=\"wp-image-375\" srcset=\"https:\/\/orguesaintpierredalbigny.fr\/wp-content\/uploads\/2022\/09\/Hainsworth-225x300.jpg 225w, https:\/\/orguesaintpierredalbigny.fr\/wp-content\/uploads\/2022\/09\/Hainsworth.jpg 480w\" sizes=\"auto, (max-width: 225px) 85vw, 225px\" \/><\/figure>\n\n\n\n<p><\/p>\n","protected":false},"excerpt":{"rendered":"<p>Si vous avez toujours voulu savoir ce qui se cache derri\u00e8re la grande fa\u00e7ade de l\u2019orgue de Saint-Pierre d\u2019Albigny, et comment l\u2019organiste joue de son instrument, vous aurez r\u00e9ponse \u00e0 ces questions \u00e0 l\u2019occasion des Journ\u00e9es du Patrimoine 2022. Venez frapper \u00e0 la porte de la tribune, le samedi 17 Septembre 2022 \u00e0 10h. L\u2019entr\u00e9e &hellip; <a href=\"https:\/\/orguesaintpierredalbigny.fr\/?p=381\" class=\"more-link\">Continuer la lecture<span class=\"screen-reader-text\"> de &laquo;&nbsp;Journ\u00e9es du Patrimoine 2022&nbsp;&raquo;<\/span><\/a><\/p>\n","protected":false},"author":1,"featured_media":0,"comment_status":"closed","ping_status":"open","sticky":false,"template":"","format":"standard","meta":{"footnotes":""},"categories":[20],"tags":[],"class_list":["post-381","post","type-post","status-publish","format-standard","hentry","category-concerts-2022"],"_links":{"self":[{"href":"https:\/\/orguesaintpierredalbigny.fr\/index.php?rest_route=\/wp\/v2\/posts\/381","targetHints":{"allow":["GET"]}}],"collection":[{"href":"https:\/\/orguesaintpierredalbigny.fr\/index.php?rest_route=\/wp\/v2\/posts"}],"about":[{"href":"https:\/\/orguesaintpierredalbigny.fr\/index.php?rest_route=\/wp\/v2\/types\/post"}],"author":[{"embeddable":true,"href":"https:\/\/orguesaintpierredalbigny.fr\/index.php?rest_route=\/wp\/v2\/users\/1"}],"replies":[{"embeddable":true,"href":"https:\/\/orguesaintpierredalbigny.fr\/index.php?rest_route=%2Fwp%2Fv2%2Fcomments&post=381"}],"version-history":[{"count":1,"href":"https:\/\/orguesaintpierredalbigny.fr\/index.php?rest_route=\/wp\/v2\/posts\/381\/revisions"}],"predecessor-version":[{"id":382,"href":"https:\/\/orguesaintpierredalbigny.fr\/index.php?rest_route=\/wp\/v2\/posts\/381\/revisions\/382"}],"wp:attachment":[{"href":"https:\/\/orguesaintpierredalbigny.fr\/index.php?rest_route=%2Fwp%2Fv2%2Fmedia&parent=381"}],"wp:term":[{"taxonomy":"category","embeddable":true,"href":"https:\/\/orguesaintpierredalbigny.fr\/index.php?rest_route=%2Fwp%2Fv2%2Fcategories&post=381"},{"taxonomy":"post_tag","embeddable":true,"href":"https:\/\/orguesaintpierredalbigny.fr\/index.php?rest_route=%2Fwp%2Fv2%2Ftags&post=381"}],"curies":[{"name":"wp","href":"https:\/\/api.w.org\/{rel}","templated":true}]}}