{"id":397,"date":"2023-04-30T11:23:42","date_gmt":"2023-04-30T09:23:42","guid":{"rendered":"https:\/\/orguesaintpierredalbigny.fr\/?p=397"},"modified":"2023-04-30T11:23:42","modified_gmt":"2023-04-30T09:23:42","slug":"concert-du-nouvel-an-orgue-et-chant-le-22-janvier-2023-17h","status":"publish","type":"post","link":"https:\/\/orguesaintpierredalbigny.fr\/?p=397","title":{"rendered":"Concert du Nouvel an : Orgue et Chant,&nbsp;&nbsp; &nbsp; &nbsp; &nbsp;&nbsp;&nbsp;&nbsp;&nbsp;&nbsp;&nbsp;&nbsp;&nbsp;&nbsp;&nbsp; le 22 janvier 2023 \u2013 17h"},"content":{"rendered":"\n<h3 class=\"wp-block-heading\">Laurent CARLE (orgue) et Marie-H\u00e9l\u00e8ne RUSCHER (Mezzo-Soprano)<\/h3>\n\n\n\n<p>A Saint-Pierre d\u2019Albigny, on aime le chant&nbsp;!<\/p>\n\n\n\n<p>La voix chaude de Marie-H\u00e9l\u00e8ne Ruscher interpr\u00e9tera de magnifiques Arias tir\u00e9es de grandes \u0153uvres de la musique classique (comme l\u2019oratorio de No\u00ebl de Bach, le Messie de Haendel et encore d\u2019autres). L\u2019orgue tiendra \u00e0 lui seul le r\u00f4le d\u00e9volu \u00e0 l\u2019orchestre.<\/p>\n\n\n\n<p>Nous entendrons aussi des \u0153uvres du XX\u00e8me si\u00e8cle pleines de douceur et po\u00e9sie (Copland, Poulenc).<\/p>\n\n\n\n<p>L\u2019orgue soliste intercalera ses moments de bravoure (Bach et Bruhns).<\/p>\n\n\n\n<figure class=\"wp-block-image\"><img loading=\"lazy\" decoding=\"async\" width=\"253\" height=\"300\" src=\"https:\/\/orguesaintpierredalbigny.fr\/wp-content\/uploads\/2023\/01\/L-Carle-orgue-253x300.jpg\" alt=\"\" class=\"wp-image-380\" srcset=\"https:\/\/orguesaintpierredalbigny.fr\/wp-content\/uploads\/2023\/01\/L-Carle-orgue-253x300.jpg 253w, https:\/\/orguesaintpierredalbigny.fr\/wp-content\/uploads\/2023\/01\/L-Carle-orgue-864x1024.jpg 864w, https:\/\/orguesaintpierredalbigny.fr\/wp-content\/uploads\/2023\/01\/L-Carle-orgue-768x910.jpg 768w, https:\/\/orguesaintpierredalbigny.fr\/wp-content\/uploads\/2023\/01\/L-Carle-orgue-1296x1536.jpg 1296w, https:\/\/orguesaintpierredalbigny.fr\/wp-content\/uploads\/2023\/01\/L-Carle-orgue-1729x2048.jpg 1729w, https:\/\/orguesaintpierredalbigny.fr\/wp-content\/uploads\/2023\/01\/L-Carle-orgue-1200x1422.jpg 1200w\" sizes=\"auto, (max-width: 253px) 85vw, 253px\" \/><\/figure>\n\n\n\n<figure class=\"wp-block-image\"><img loading=\"lazy\" decoding=\"async\" width=\"169\" height=\"300\" src=\"https:\/\/orguesaintpierredalbigny.fr\/wp-content\/uploads\/2023\/01\/IMG_0414-169x300.jpg\" alt=\"\" class=\"wp-image-379\" srcset=\"https:\/\/orguesaintpierredalbigny.fr\/wp-content\/uploads\/2023\/01\/IMG_0414-169x300.jpg 169w, https:\/\/orguesaintpierredalbigny.fr\/wp-content\/uploads\/2023\/01\/IMG_0414-576x1024.jpg 576w, https:\/\/orguesaintpierredalbigny.fr\/wp-content\/uploads\/2023\/01\/IMG_0414.jpg 633w\" sizes=\"auto, (max-width: 169px) 85vw, 169px\" \/><\/figure>\n\n\n\n<p><\/p>\n","protected":false},"excerpt":{"rendered":"<p>Laurent CARLE (orgue) et Marie-H\u00e9l\u00e8ne RUSCHER (Mezzo-Soprano) A Saint-Pierre d\u2019Albigny, on aime le chant&nbsp;! La voix chaude de Marie-H\u00e9l\u00e8ne Ruscher interpr\u00e9tera de magnifiques Arias tir\u00e9es de grandes \u0153uvres de la musique classique (comme l\u2019oratorio de No\u00ebl de Bach, le Messie de Haendel et encore d\u2019autres). L\u2019orgue tiendra \u00e0 lui seul le r\u00f4le d\u00e9volu \u00e0 l\u2019orchestre. &hellip; <a href=\"https:\/\/orguesaintpierredalbigny.fr\/?p=397\" class=\"more-link\">Continuer la lecture<span class=\"screen-reader-text\"> de &laquo;&nbsp;Concert du Nouvel an : Orgue et Chant,&nbsp;&nbsp; &nbsp; &nbsp; &nbsp;&nbsp;&nbsp;&nbsp;&nbsp;&nbsp;&nbsp;&nbsp;&nbsp;&nbsp;&nbsp; le 22 janvier 2023 \u2013 17h&nbsp;&raquo;<\/span><\/a><\/p>\n","protected":false},"author":1,"featured_media":0,"comment_status":"closed","ping_status":"open","sticky":false,"template":"","format":"standard","meta":{"footnotes":""},"categories":[21,1],"tags":[],"class_list":["post-397","post","type-post","status-publish","format-standard","hentry","category-concerts-2023","category-non-classe"],"_links":{"self":[{"href":"https:\/\/orguesaintpierredalbigny.fr\/index.php?rest_route=\/wp\/v2\/posts\/397","targetHints":{"allow":["GET"]}}],"collection":[{"href":"https:\/\/orguesaintpierredalbigny.fr\/index.php?rest_route=\/wp\/v2\/posts"}],"about":[{"href":"https:\/\/orguesaintpierredalbigny.fr\/index.php?rest_route=\/wp\/v2\/types\/post"}],"author":[{"embeddable":true,"href":"https:\/\/orguesaintpierredalbigny.fr\/index.php?rest_route=\/wp\/v2\/users\/1"}],"replies":[{"embeddable":true,"href":"https:\/\/orguesaintpierredalbigny.fr\/index.php?rest_route=%2Fwp%2Fv2%2Fcomments&post=397"}],"version-history":[{"count":1,"href":"https:\/\/orguesaintpierredalbigny.fr\/index.php?rest_route=\/wp\/v2\/posts\/397\/revisions"}],"predecessor-version":[{"id":398,"href":"https:\/\/orguesaintpierredalbigny.fr\/index.php?rest_route=\/wp\/v2\/posts\/397\/revisions\/398"}],"wp:attachment":[{"href":"https:\/\/orguesaintpierredalbigny.fr\/index.php?rest_route=%2Fwp%2Fv2%2Fmedia&parent=397"}],"wp:term":[{"taxonomy":"category","embeddable":true,"href":"https:\/\/orguesaintpierredalbigny.fr\/index.php?rest_route=%2Fwp%2Fv2%2Fcategories&post=397"},{"taxonomy":"post_tag","embeddable":true,"href":"https:\/\/orguesaintpierredalbigny.fr\/index.php?rest_route=%2Fwp%2Fv2%2Ftags&post=397"}],"curies":[{"name":"wp","href":"https:\/\/api.w.org\/{rel}","templated":true}]}}