{"id":422,"date":"2023-09-15T20:56:12","date_gmt":"2023-09-15T18:56:12","guid":{"rendered":"https:\/\/orguesaintpierredalbigny.fr\/?p=422"},"modified":"2025-01-11T18:30:07","modified_gmt":"2025-01-11T17:30:07","slug":"programme-special-pour-le-week-end-de-la-pentecote-2023-du-27-au-29-mai","status":"publish","type":"post","link":"https:\/\/orguesaintpierredalbigny.fr\/?p=422","title":{"rendered":"Programme sp\u00e9cial pour le week-end de la Pentec\u00f4te 2023 &#8211; du 27 au 29 Mai"},"content":{"rendered":"\n<p>Durant ce week-end, l&rsquo;orgue de Saint-Pierre d&rsquo;Albigny a accueilli deux groupes de visiteurs : l&rsquo;association de Jumelage de Saint-Pierre et Stetten (Allemagne), pour les 50 ans du jumelage des deux villes. L&rsquo;autre groupe est l&rsquo;association des organistes de l&rsquo;H\u00e9rault, pilot\u00e9s par Ir\u00e8ne Randrianjanaka qui a d\u00e9j\u00e0 donn\u00e9<br>un r\u00e9cital m\u00e9morable \u00e0 Saint-Pierre d&rsquo;Albigny en janvier 2018.<\/p>\n\n\n\n<p>Voici le programme de ces festivit\u00e9s :<\/p>\n\n\n\n<ul class=\"wp-block-list\"><li><strong>Samedi 27 mai \u00e0 21 heures<\/strong>: R\u00e9cital d&rsquo;orgue par Ir\u00e8ne Randrianjanaka et par les organistes de l&rsquo;H\u00e9rault, r<\/li><li><strong>Du samedi 27 mai au lundi 29 Mai :\u00a0 <\/strong>Visites d&rsquo;orgues, possibilit\u00e9 de jouer les orgues,\u00a0 visite d&rsquo;atelier de facture d&rsquo;orgues et de clavecins &#8230; pour les organistes de l&rsquo;H\u00e9rault, les visiteurs du jumelage, et les adh\u00e9rents \u00e0 l&rsquo;association.<\/li><\/ul>\n","protected":false},"excerpt":{"rendered":"<p>Durant ce week-end, l&rsquo;orgue de Saint-Pierre d&rsquo;Albigny a accueilli deux groupes de visiteurs : l&rsquo;association de Jumelage de Saint-Pierre et Stetten (Allemagne), pour les 50 ans du jumelage des deux villes. L&rsquo;autre groupe est l&rsquo;association des organistes de l&rsquo;H\u00e9rault, pilot\u00e9s par Ir\u00e8ne Randrianjanaka qui a d\u00e9j\u00e0 donn\u00e9un r\u00e9cital m\u00e9morable \u00e0 Saint-Pierre d&rsquo;Albigny en janvier 2018. &hellip; <a href=\"https:\/\/orguesaintpierredalbigny.fr\/?p=422\" class=\"more-link\">Continuer la lecture<span class=\"screen-reader-text\"> de &laquo;&nbsp;Programme sp\u00e9cial pour le week-end de la Pentec\u00f4te 2023 &#8211; du 27 au 29 Mai&nbsp;&raquo;<\/span><\/a><\/p>\n","protected":false},"author":1,"featured_media":0,"comment_status":"closed","ping_status":"open","sticky":false,"template":"","format":"standard","meta":{"footnotes":""},"categories":[21],"tags":[],"class_list":["post-422","post","type-post","status-publish","format-standard","hentry","category-concerts-2023"],"_links":{"self":[{"href":"https:\/\/orguesaintpierredalbigny.fr\/index.php?rest_route=\/wp\/v2\/posts\/422","targetHints":{"allow":["GET"]}}],"collection":[{"href":"https:\/\/orguesaintpierredalbigny.fr\/index.php?rest_route=\/wp\/v2\/posts"}],"about":[{"href":"https:\/\/orguesaintpierredalbigny.fr\/index.php?rest_route=\/wp\/v2\/types\/post"}],"author":[{"embeddable":true,"href":"https:\/\/orguesaintpierredalbigny.fr\/index.php?rest_route=\/wp\/v2\/users\/1"}],"replies":[{"embeddable":true,"href":"https:\/\/orguesaintpierredalbigny.fr\/index.php?rest_route=%2Fwp%2Fv2%2Fcomments&post=422"}],"version-history":[{"count":1,"href":"https:\/\/orguesaintpierredalbigny.fr\/index.php?rest_route=\/wp\/v2\/posts\/422\/revisions"}],"predecessor-version":[{"id":423,"href":"https:\/\/orguesaintpierredalbigny.fr\/index.php?rest_route=\/wp\/v2\/posts\/422\/revisions\/423"}],"wp:attachment":[{"href":"https:\/\/orguesaintpierredalbigny.fr\/index.php?rest_route=%2Fwp%2Fv2%2Fmedia&parent=422"}],"wp:term":[{"taxonomy":"category","embeddable":true,"href":"https:\/\/orguesaintpierredalbigny.fr\/index.php?rest_route=%2Fwp%2Fv2%2Fcategories&post=422"},{"taxonomy":"post_tag","embeddable":true,"href":"https:\/\/orguesaintpierredalbigny.fr\/index.php?rest_route=%2Fwp%2Fv2%2Ftags&post=422"}],"curies":[{"name":"wp","href":"https:\/\/api.w.org\/{rel}","templated":true}]}}