{"id":441,"date":"2024-01-07T19:01:01","date_gmt":"2024-01-07T18:01:01","guid":{"rendered":"https:\/\/orguesaintpierredalbigny.fr\/?p=441"},"modified":"2024-01-07T19:02:25","modified_gmt":"2024-01-07T18:02:25","slug":"concert-jeunes-talents-dimanche-17-decembre-2023-a-17h","status":"publish","type":"post","link":"https:\/\/orguesaintpierredalbigny.fr\/?p=441","title":{"rendered":"Concert \u00ab\u00a0Jeunes talents\u00a0\u00bb \u2013 Dimanche 17 d\u00e9cembre\u00a0 2023 \u00e0 17h"},"content":{"rendered":"\n<p>Pour ce concert, nous aurons le plaisir de retrouver Thibaut DURET, titulaire de l\u2019orgue de la Cath\u00e9drale de Chamb\u00e9ry, et des \u00e9l\u00e8ves de haut niveau du conservatoire d\u2019Annecy, o\u00f9 Thibaut est professeur. On se souvient de sa grande contribution au succ\u00e8s des 10 ans de l\u2019orgue de Saint-Pierre d\u2019Albigny en 2020.<\/p>\n\n\n\n<p>Ce concert \u00e0 libre participation aux frais, sera retransmis comme nous en avons l\u2019habitude, sur grand \u00e9cran.<\/p>\n","protected":false},"excerpt":{"rendered":"<p>Pour ce concert, nous aurons le plaisir de retrouver Thibaut DURET, titulaire de l\u2019orgue de la Cath\u00e9drale de Chamb\u00e9ry, et des \u00e9l\u00e8ves de haut niveau du conservatoire d\u2019Annecy, o\u00f9 Thibaut est professeur. On se souvient de sa grande contribution au succ\u00e8s des 10 ans de l\u2019orgue de Saint-Pierre d\u2019Albigny en 2020. Ce concert \u00e0 libre &hellip; <a href=\"https:\/\/orguesaintpierredalbigny.fr\/?p=441\" class=\"more-link\">Continuer la lecture<span class=\"screen-reader-text\"> de &laquo;&nbsp;Concert \u00ab\u00a0Jeunes talents\u00a0\u00bb \u2013 Dimanche 17 d\u00e9cembre\u00a0 2023 \u00e0 17h&nbsp;&raquo;<\/span><\/a><\/p>\n","protected":false},"author":1,"featured_media":0,"comment_status":"closed","ping_status":"open","sticky":false,"template":"","format":"standard","meta":{"footnotes":""},"categories":[21],"tags":[],"class_list":["post-441","post","type-post","status-publish","format-standard","hentry","category-concerts-2023"],"_links":{"self":[{"href":"https:\/\/orguesaintpierredalbigny.fr\/index.php?rest_route=\/wp\/v2\/posts\/441","targetHints":{"allow":["GET"]}}],"collection":[{"href":"https:\/\/orguesaintpierredalbigny.fr\/index.php?rest_route=\/wp\/v2\/posts"}],"about":[{"href":"https:\/\/orguesaintpierredalbigny.fr\/index.php?rest_route=\/wp\/v2\/types\/post"}],"author":[{"embeddable":true,"href":"https:\/\/orguesaintpierredalbigny.fr\/index.php?rest_route=\/wp\/v2\/users\/1"}],"replies":[{"embeddable":true,"href":"https:\/\/orguesaintpierredalbigny.fr\/index.php?rest_route=%2Fwp%2Fv2%2Fcomments&post=441"}],"version-history":[{"count":1,"href":"https:\/\/orguesaintpierredalbigny.fr\/index.php?rest_route=\/wp\/v2\/posts\/441\/revisions"}],"predecessor-version":[{"id":442,"href":"https:\/\/orguesaintpierredalbigny.fr\/index.php?rest_route=\/wp\/v2\/posts\/441\/revisions\/442"}],"wp:attachment":[{"href":"https:\/\/orguesaintpierredalbigny.fr\/index.php?rest_route=%2Fwp%2Fv2%2Fmedia&parent=441"}],"wp:term":[{"taxonomy":"category","embeddable":true,"href":"https:\/\/orguesaintpierredalbigny.fr\/index.php?rest_route=%2Fwp%2Fv2%2Fcategories&post=441"},{"taxonomy":"post_tag","embeddable":true,"href":"https:\/\/orguesaintpierredalbigny.fr\/index.php?rest_route=%2Fwp%2Fv2%2Ftags&post=441"}],"curies":[{"name":"wp","href":"https:\/\/api.w.org\/{rel}","templated":true}]}}