{"id":446,"date":"2024-02-17T11:13:30","date_gmt":"2024-02-17T10:13:30","guid":{"rendered":"https:\/\/orguesaintpierredalbigny.fr\/?p=446"},"modified":"2025-01-11T18:40:31","modified_gmt":"2025-01-11T17:40:31","slug":"concert-du-nouvel-an-orgue-a-4-mains-dimanche-21-janvier-2024-a-17h","status":"publish","type":"post","link":"https:\/\/orguesaintpierredalbigny.fr\/?p=446","title":{"rendered":"Concert du Nouvel An \u2013 Orgue \u00e0 4 mains \u2013 Dimanche 21 janvier 2024 \u00e0 17h"},"content":{"rendered":"\n<h3 class=\"wp-block-heading\">Lucile DOLLAT et Thibaut DURET<\/h3>\n\n\n\n<figure class=\"wp-block-image size-large\"><img loading=\"lazy\" decoding=\"async\" width=\"1024\" height=\"484\" src=\"https:\/\/orguesaintpierredalbigny.fr\/wp-content\/uploads\/2024\/02\/Lucile_Thibaut-1024x484.jpg\" alt=\"\" class=\"wp-image-445\" srcset=\"https:\/\/orguesaintpierredalbigny.fr\/wp-content\/uploads\/2024\/02\/Lucile_Thibaut-1024x484.jpg 1024w, https:\/\/orguesaintpierredalbigny.fr\/wp-content\/uploads\/2024\/02\/Lucile_Thibaut-300x142.jpg 300w, https:\/\/orguesaintpierredalbigny.fr\/wp-content\/uploads\/2024\/02\/Lucile_Thibaut-768x363.jpg 768w, https:\/\/orguesaintpierredalbigny.fr\/wp-content\/uploads\/2024\/02\/Lucile_Thibaut-1536x726.jpg 1536w, https:\/\/orguesaintpierredalbigny.fr\/wp-content\/uploads\/2024\/02\/Lucile_Thibaut-2048x968.jpg 2048w, https:\/\/orguesaintpierredalbigny.fr\/wp-content\/uploads\/2024\/02\/Lucile_Thibaut-1200x567.jpg 1200w\" sizes=\"auto, (max-width: 709px) 85vw, (max-width: 909px) 67vw, (max-width: 1362px) 62vw, 840px\" \/><\/figure>\n\n\n\n<p>Lucile DOLLAT est organiste \u00e0 Radio France. Thibaut DURET, on ne le pr\u00e9sente plus \u00e0 Saint-Pierre d\u2019Albigny (si on devait le pr\u00e9senter, on dirait entre autres qu\u2019il a \u00e9t\u00e9 l\u2019organiste de la f\u00eate des 10 ans de l\u2019orgue, qu\u2019il a jou\u00e9 avec des \u00e9l\u00e8ves de sa classe \u00e0 Annecy en d\u00e9cembre 2023, qu\u2019il est titulaire de l\u2019orgue de la cath\u00e9drale de Chamb\u00e9ry, et bien d\u2019autres choses encore).<br>A 4 mains, ils joueront des oeuvres de Bach, de Beethoven, de Mozart. De quoi commencer en joie et en musique cette ann\u00e9e 2024 \u00e0 Saint-Pierre d\u2019Albigny.<br>L\u2019\u00e9glise sera chauff\u00e9e, et le concert retransmis sur grand \u00e9cran.<br>Entr\u00e9e payante.<\/p>\n\n\n\n<h1 class=\"wp-block-heading\">R\u00e9cital d&rsquo;orgue &#8211; Dimanche 12 Mai \u00e0 17h30<\/h1>\n\n\n\n<h3 class=\"wp-block-heading\">Thibault FAJOLES (orgue)<\/h3>\n\n\n\n<p>Thibault FAJOLES vient d&rsquo;\u00eatre nomm\u00e9 \u00ab\u00a0<strong>o<\/strong><strong>rganiste titulaire adjoint du grand-orgue et de l&rsquo;orgue de ch\u0153ur de la Cath\u00e9drale Notre-Dame de Paris\u00a0\u00bb <\/strong><strong>!<\/strong><\/p>\n\n\n<div class=\"wp-block-image\">\n<figure class=\"aligncenter\"><img loading=\"lazy\" decoding=\"async\" width=\"819\" height=\"1024\" src=\"https:\/\/orguesaintpierredalbigny.fr\/wp-content\/uploads\/2024\/04\/Thibaut-Fajoles-site-asso-819x1024.jpeg\" alt=\"\" class=\"wp-image-487\" srcset=\"https:\/\/orguesaintpierredalbigny.fr\/wp-content\/uploads\/2024\/04\/Thibaut-Fajoles-site-asso-819x1024.jpeg 819w, https:\/\/orguesaintpierredalbigny.fr\/wp-content\/uploads\/2024\/04\/Thibaut-Fajoles-site-asso-240x300.jpeg 240w, https:\/\/orguesaintpierredalbigny.fr\/wp-content\/uploads\/2024\/04\/Thibaut-Fajoles-site-asso-768x960.jpeg 768w, https:\/\/orguesaintpierredalbigny.fr\/wp-content\/uploads\/2024\/04\/Thibaut-Fajoles-site-asso-1229x1536.jpeg 1229w, https:\/\/orguesaintpierredalbigny.fr\/wp-content\/uploads\/2024\/04\/Thibaut-Fajoles-site-asso-1638x2048.jpeg 1638w, https:\/\/orguesaintpierredalbigny.fr\/wp-content\/uploads\/2024\/04\/Thibaut-Fajoles-site-asso-1200x1500.jpeg 1200w, https:\/\/orguesaintpierredalbigny.fr\/wp-content\/uploads\/2024\/04\/Thibaut-Fajoles-site-asso-scaled.jpeg 2048w\" sizes=\"auto, (max-width: 709px) 85vw, (max-width: 909px) 67vw, (max-width: 984px) 61vw, (max-width: 1362px) 45vw, 600px\" \/><\/figure>\n<\/div>\n\n\n<p>Thibault Fajoles propose un programme intitul\u00e9 <strong>\u00ab Allemagne rayonnante \u00bb,&nbsp; <\/strong>et nous fera voyager de Bach \u00e0 ses illustres successeurs, Brahms, Mendelssohn, Schumann et Reger.<\/p>\n\n\n\n<ul class=\"wp-block-list\">\n<li>Passacaille et fugue en do mineur &#8211; BWV 582 &#8211; Johann Sebastian Bach<\/li>\n\n\n\n<li>O Mensch, bewein dein S\u00fcnde gross &#8211; BWV 622 &#8211; Johann Sebastian Bach<\/li>\n\n\n\n<li>Komm, Gott, Sch\u00f6pfer, heiliger Geist &#8211; BWV 667 &#8211; Johann Sebastian Bach<\/li>\n\n\n\n<li>Pr\u00e9lude et fugue en la mineur &#8211; BWV 543 &#8211; Johann Sebastian Bach<\/li>\n\n\n\n<li>Welt, ich muss diss lassen &#8211; opus. 122 n\u00b011 -Johannes Brahms<\/li>\n\n\n\n<li>Troisi\u00e8me sonate pour orgue en la majeur &#8211; op. 65 &#8211;&nbsp; Felix Mendelssohn<\/li>\n\n\n\n<li>Deux \u00e9tudes en forme de canon: n\u00b02 Mit innigem Ausdruck \u2013 n\u00b06 Adagio &#8211; Robert Schumann<\/li>\n\n\n\n<li>Introduction et passacaille &#8211; Max Reger<\/li>\n<\/ul>\n\n\n\n<p>Le concert sera retransmis sur grand \u00e9cran.<br>Prix des places&nbsp;: 15 euros, adh\u00e9rents&nbsp;: 13 euros, enfants et jeunes jusqu&rsquo;\u00e0 18 ans&nbsp;: gratuit<\/p>\n\n\n\n<h1 class=\"wp-block-heading\">Visite d&rsquo;organistes de Nouvelle-Z\u00e9lande &#8211; 25 mai<\/h1>\n\n\n\n<p>Des organistes de Nouvelle-Z\u00e9lande, men\u00e9s par Christopher Hainsworth (d\u00e9j\u00e0 venu en concert, et qu&rsquo;on retrouvera accompagn\u00e9 de 2 trompettistes en octobre), vont visiter et jouer l&rsquo;orgue. Le public pourra bien s\u00fbr venir les \u00e9couter.<\/p>\n\n\n\n<h1 class=\"wp-block-heading\">Visite d&rsquo;organistes de Viriat (Ain) &#8211; samedi 1er juin<\/h1>\n\n\n\n<p>Les organistes de Viriat viendront voir l&rsquo;orgue. Le voyage passera \u00e9galement par l&rsquo;orgue tout neuf de nos amis d&rsquo;Ugine, et par le petit orgue class\u00e9 de l&rsquo;\u00e9glise de Chaucisse (St-Nicolas-la-Chapelle).<\/p>\n\n\n\n<p><div class=\"is-root-container is-desktop-preview is-layout-flow wp-block-post-content block-editor-block-list__layout\"><div tabindex=\"0\" class=\"block-editor-block-list__block wp-block is-selected wp-block-freeform is-hovered\" id=\"block-2bc96486-825b-4112-9af3-c82f60d8b295\" role=\"document\" aria-label=\"Bloc\u00a0: Classique\" data-block=\"2bc96486-825b-4112-9af3-c82f60d8b295\" data-type=\"core\/freeform\" data-title=\"Classique\"><div><h1>Journ\u00e9es du Patrimoine &#8211; samedi 21 septembre (de 10h \u00e0 12h)<\/h1><p>Pr\u00e9sentation concertante de l&rsquo;orgue ; venez \u00e9couter, voir et comprendre comment fonctionne cet instrument.<\/p><h1>Orgue et 2 trompettes &#8211; dimanche 6 octobre \u00e0 17h<\/h1><h3>Christopher Hainsworth (orgue), Dominique Bougard et Nicolas Planchon (trompettes).<\/h3><p>Christopher Hainsworth s&rsquo;est d\u00e9j\u00e0 produit \u00e0 Saint-Pierre d&rsquo;Albigny en<br> 2023, dans un programme original et color\u00e9 pour orgue et hautbois. <br>Cette fois nous le retrouvons avec non pas une, mais deux trompettes !<\/p><\/div><\/div><\/div><br><br><br><br><\/p>\n\n\n\n<h1 class=\"wp-block-heading\">Concert \u00ab&nbsp;Jeunes talents&nbsp;\u00bb \u2013 dimanche 15 d\u00e9cembre 2024 \u00e0 17h<\/h1>\n\n\n\n<p>Venez \u00e9couter les talents de demain, 7 \u00e9l\u00e8ves de conservatoires de Chamb\u00e9ry (classe de Muriel NAUCHE-GROZ) et de Grenoble (classe d\u2019Antoine THOMAS). Ils proposeront un programme faisant la part belle \u00e0 JS.Bach, avec aussi du Buxtehude, Krebs, Balbastre et C\u00e9sar Franck.<\/p>\n\n\n\n<p>L\u2019entr\u00e9e libre, avec participation aux frais. Et comme d\u2019habitude le concert sera visible sur grand \u00e9cran, et l\u2019\u00e9glise sera chauff\u00e9e.<\/p>\n","protected":false},"excerpt":{"rendered":"<p>Lucile DOLLAT et Thibaut DURET Lucile DOLLAT est organiste \u00e0 Radio France. Thibaut DURET, on ne le pr\u00e9sente plus \u00e0 Saint-Pierre d\u2019Albigny (si on devait le pr\u00e9senter, on dirait entre autres qu\u2019il a \u00e9t\u00e9 l\u2019organiste de la f\u00eate des 10 ans de l\u2019orgue, qu\u2019il a jou\u00e9 avec des \u00e9l\u00e8ves de sa classe \u00e0 Annecy en &hellip; <a href=\"https:\/\/orguesaintpierredalbigny.fr\/?p=446\" class=\"more-link\">Continuer la lecture<span class=\"screen-reader-text\"> de &laquo;&nbsp;Concert du Nouvel An \u2013 Orgue \u00e0 4 mains \u2013 Dimanche 21 janvier 2024 \u00e0 17h&nbsp;&raquo;<\/span><\/a><\/p>\n","protected":false},"author":1,"featured_media":0,"comment_status":"closed","ping_status":"open","sticky":false,"template":"","format":"standard","meta":{"footnotes":""},"categories":[22],"tags":[],"class_list":["post-446","post","type-post","status-publish","format-standard","hentry","category-concerts-2024"],"_links":{"self":[{"href":"https:\/\/orguesaintpierredalbigny.fr\/index.php?rest_route=\/wp\/v2\/posts\/446","targetHints":{"allow":["GET"]}}],"collection":[{"href":"https:\/\/orguesaintpierredalbigny.fr\/index.php?rest_route=\/wp\/v2\/posts"}],"about":[{"href":"https:\/\/orguesaintpierredalbigny.fr\/index.php?rest_route=\/wp\/v2\/types\/post"}],"author":[{"embeddable":true,"href":"https:\/\/orguesaintpierredalbigny.fr\/index.php?rest_route=\/wp\/v2\/users\/1"}],"replies":[{"embeddable":true,"href":"https:\/\/orguesaintpierredalbigny.fr\/index.php?rest_route=%2Fwp%2Fv2%2Fcomments&post=446"}],"version-history":[{"count":4,"href":"https:\/\/orguesaintpierredalbigny.fr\/index.php?rest_route=\/wp\/v2\/posts\/446\/revisions"}],"predecessor-version":[{"id":527,"href":"https:\/\/orguesaintpierredalbigny.fr\/index.php?rest_route=\/wp\/v2\/posts\/446\/revisions\/527"}],"wp:attachment":[{"href":"https:\/\/orguesaintpierredalbigny.fr\/index.php?rest_route=%2Fwp%2Fv2%2Fmedia&parent=446"}],"wp:term":[{"taxonomy":"category","embeddable":true,"href":"https:\/\/orguesaintpierredalbigny.fr\/index.php?rest_route=%2Fwp%2Fv2%2Fcategories&post=446"},{"taxonomy":"post_tag","embeddable":true,"href":"https:\/\/orguesaintpierredalbigny.fr\/index.php?rest_route=%2Fwp%2Fv2%2Ftags&post=446"}],"curies":[{"name":"wp","href":"https:\/\/api.w.org\/{rel}","templated":true}]}}