{"id":456,"date":"2024-02-17T12:37:38","date_gmt":"2024-02-17T11:37:38","guid":{"rendered":"https:\/\/orguesaintpierredalbigny.fr\/?p=456"},"modified":"2026-02-19T19:11:39","modified_gmt":"2026-02-19T18:11:39","slug":"une-classe-dorgue-souvre-en-mars-2024","status":"publish","type":"post","link":"https:\/\/orguesaintpierredalbigny.fr\/?p=456","title":{"rendered":"Une classe d&rsquo;orgue \u00e0 St-Pierre d&rsquo;Albigny!"},"content":{"rendered":"\n<figure class=\"wp-block-image size-large\"><img loading=\"lazy\" decoding=\"async\" width=\"724\" height=\"1024\" src=\"https:\/\/orguesaintpierredalbigny.fr\/wp-content\/uploads\/2024\/06\/Affiche-classe-orgue-724x1024.jpg\" alt=\"\" class=\"wp-image-497\" srcset=\"https:\/\/orguesaintpierredalbigny.fr\/wp-content\/uploads\/2024\/06\/Affiche-classe-orgue-724x1024.jpg 724w, https:\/\/orguesaintpierredalbigny.fr\/wp-content\/uploads\/2024\/06\/Affiche-classe-orgue-212x300.jpg 212w, https:\/\/orguesaintpierredalbigny.fr\/wp-content\/uploads\/2024\/06\/Affiche-classe-orgue-768x1086.jpg 768w, https:\/\/orguesaintpierredalbigny.fr\/wp-content\/uploads\/2024\/06\/Affiche-classe-orgue-1086x1536.jpg 1086w, https:\/\/orguesaintpierredalbigny.fr\/wp-content\/uploads\/2024\/06\/Affiche-classe-orgue-1448x2048.jpg 1448w, https:\/\/orguesaintpierredalbigny.fr\/wp-content\/uploads\/2024\/06\/Affiche-classe-orgue-1200x1697.jpg 1200w, https:\/\/orguesaintpierredalbigny.fr\/wp-content\/uploads\/2024\/06\/Affiche-classe-orgue-scaled.jpg 1810w\" sizes=\"auto, (max-width: 709px) 85vw, (max-width: 909px) 67vw, (max-width: 984px) 61vw, (max-width: 1362px) 45vw, 600px\" \/><\/figure>\n\n\n\n<h2 class=\"wp-block-heading\">Le professeur est Laurent Carle<\/h2>\n\n\n\n<p>\u00ab&nbsp;Je m\u2019appelle Laurent Carle. Je suis organiste interpr\u00e8te et improvisateur. Titulaire d\u2019un Dipl\u00f4me d\u2019Etat, j\u2019enseigne cet instrument depuis plus de trente ans. J\u2019ai \u00e9t\u00e9 \u00e9galement titulaire de l\u2019orgue de la cath\u00e9drale de Tarbes. Je connais tr\u00e8s bien l\u2019orgue de Saint-Pierre d\u2019Albigny ayant donn\u00e9 en concert et enregistr\u00e9 sur CD l\u2019int\u00e9grale des Sonates en trio de Jean S\u00e9bastien Bach. Je saurai donc parfaitement m\u2019adapter \u00e0 vos besoins et vos objectifs, aussi bien sur le plan artistique que de l\u2019accompagnement liturgique.&nbsp;\u00bb<\/p>\n\n\n\n<figure class=\"wp-block-image size-large\"><img loading=\"lazy\" decoding=\"async\" width=\"864\" height=\"1024\" src=\"https:\/\/orguesaintpierredalbigny.fr\/wp-content\/uploads\/2024\/02\/L-Carle-orgue-864x1024.jpg\" alt=\"\" class=\"wp-image-475\" srcset=\"https:\/\/orguesaintpierredalbigny.fr\/wp-content\/uploads\/2024\/02\/L-Carle-orgue-864x1024.jpg 864w, https:\/\/orguesaintpierredalbigny.fr\/wp-content\/uploads\/2024\/02\/L-Carle-orgue-253x300.jpg 253w, https:\/\/orguesaintpierredalbigny.fr\/wp-content\/uploads\/2024\/02\/L-Carle-orgue-768x910.jpg 768w, https:\/\/orguesaintpierredalbigny.fr\/wp-content\/uploads\/2024\/02\/L-Carle-orgue-1296x1536.jpg 1296w, https:\/\/orguesaintpierredalbigny.fr\/wp-content\/uploads\/2024\/02\/L-Carle-orgue-1729x2048.jpg 1729w, https:\/\/orguesaintpierredalbigny.fr\/wp-content\/uploads\/2024\/02\/L-Carle-orgue-1200x1422.jpg 1200w\" sizes=\"auto, (max-width: 709px) 85vw, (max-width: 909px) 67vw, (max-width: 1362px) 62vw, 840px\" \/><\/figure>\n\n\n\n<h2 class=\"wp-block-heading\">Pour qui ? <\/h2>\n\n\n\n<p>Jeune ou adulte, d\u00e9butant, interm\u00e9diaire ou confirm\u00e9, pratiquant d\u00e9j\u00e0 le piano ou pas, ces cours d&rsquo;orgue individuels peuvent s&rsquo;adresser \u00e0 tous. L&rsquo;important est votre motivation et votre assiduit\u00e9. Laurent Carle poss\u00e8de \u00e9galement une p\u00e9dagogie adapt\u00e9e \u00e0 des \u00e9l\u00e8ves neuro-atypiques. <\/p>\n\n\n\n<h2 class=\"wp-block-heading\">Les plus<\/h2>\n\n\n\n<p>Vous pouvez choisir 1 cours ou 2 cours par mois. Tout est inclus, la pratique musicale et le solf\u00e8ge si besoin. Ainsi, pour des parents de jeunes \u00e9l\u00e8ves, il n&rsquo;est pas utile de se d\u00e9placer plusieurs fois. <\/p>\n\n\n\n<p>Les cours ont lieu les mercredis et les jeudis.<\/p>\n\n\n\n<h2 class=\"wp-block-heading\">Fonctionnement de la classe d&rsquo;orgue et fiche d&rsquo;inscription<\/h2>\n\n\n\n<p><\/p>\n\n\n\n<p>Tous les d\u00e9tails du fonctionnement de la classe d&rsquo;orgue, et le formulaire d&rsquo;inscription, sont \u00e0 lire et \u00e0 t\u00e9l\u00e9charger ici : <br>&#8211; Fonctionnement de la classe d&rsquo;orgue (nouvelle version prochainement)<br>&#8211; <a href=\"https:\/\/orguesaintpierredalbigny.fr\/wp-content\/uploads\/2026\/02\/inscription-classe-orgue_v3_revu-Fabienne_2026.odt\">Bulletin d&rsquo;inscription<\/a> (\u00e0 remplir en version informatique)<\/p>\n\n\n\n<h2 class=\"wp-block-heading\">Les cours et l&rsquo;association<\/h2>\n\n\n\n<p>La classe d&rsquo;orgue est g\u00e9r\u00e9e par l&rsquo;Association des Amis de l&rsquo;orgue. Ainsi l&rsquo;association collecte les paiements des cours \u00e0 l&rsquo;avance aupr\u00e8s des \u00e9l\u00e8ves, et reverse ces paiements au professeur. <\/p>\n\n\n\n<p>Les cours ont fait l&rsquo;objet de conventions aupr\u00e8s de la Mairie, propri\u00e9taire de l&rsquo;orgue, et aupr\u00e8s du cur\u00e9 de la paroisse St-Pierre Chamoux. <\/p>\n\n\n\n<p>Pour vous inscrire \u00e0 la classe d&rsquo;orgue, il vous est demand\u00e9 d&rsquo;adh\u00e9rer \u00e0 l&rsquo;association. L&rsquo;adh\u00e9sion est annuelle et donne \u00e9galement droit au tarif r\u00e9duit lors des concerts. <\/p>\n\n\n\n<figure class=\"wp-block-image size-large\"><img loading=\"lazy\" decoding=\"async\" width=\"1024\" height=\"681\" src=\"https:\/\/orguesaintpierredalbigny.fr\/wp-content\/uploads\/2024\/02\/partition-ouverte-1024x681.jpg\" alt=\"\" class=\"wp-image-471\" srcset=\"https:\/\/orguesaintpierredalbigny.fr\/wp-content\/uploads\/2024\/02\/partition-ouverte-1024x681.jpg 1024w, https:\/\/orguesaintpierredalbigny.fr\/wp-content\/uploads\/2024\/02\/partition-ouverte-300x200.jpg 300w, https:\/\/orguesaintpierredalbigny.fr\/wp-content\/uploads\/2024\/02\/partition-ouverte-768x511.jpg 768w, https:\/\/orguesaintpierredalbigny.fr\/wp-content\/uploads\/2024\/02\/partition-ouverte-1536x1021.jpg 1536w, https:\/\/orguesaintpierredalbigny.fr\/wp-content\/uploads\/2024\/02\/partition-ouverte-1200x798.jpg 1200w, https:\/\/orguesaintpierredalbigny.fr\/wp-content\/uploads\/2024\/02\/partition-ouverte.jpg 1600w\" sizes=\"auto, (max-width: 709px) 85vw, (max-width: 909px) 67vw, (max-width: 1362px) 62vw, 840px\" \/><\/figure>\n","protected":false},"excerpt":{"rendered":"<p>Le professeur est Laurent Carle \u00ab&nbsp;Je m\u2019appelle Laurent Carle. Je suis organiste interpr\u00e8te et improvisateur. Titulaire d\u2019un Dipl\u00f4me d\u2019Etat, j\u2019enseigne cet instrument depuis plus de trente ans. J\u2019ai \u00e9t\u00e9 \u00e9galement titulaire de l\u2019orgue de la cath\u00e9drale de Tarbes. Je connais tr\u00e8s bien l\u2019orgue de Saint-Pierre d\u2019Albigny ayant donn\u00e9 en concert et enregistr\u00e9 sur CD l\u2019int\u00e9grale &hellip; <a href=\"https:\/\/orguesaintpierredalbigny.fr\/?p=456\" class=\"more-link\">Continuer la lecture<span class=\"screen-reader-text\"> de &laquo;&nbsp;Une classe d&rsquo;orgue \u00e0 St-Pierre d&rsquo;Albigny!&nbsp;&raquo;<\/span><\/a><\/p>\n","protected":false},"author":1,"featured_media":0,"comment_status":"closed","ping_status":"open","sticky":false,"template":"","format":"standard","meta":{"footnotes":""},"categories":[23],"tags":[],"class_list":["post-456","post","type-post","status-publish","format-standard","hentry","category-classe-orgue"],"_links":{"self":[{"href":"https:\/\/orguesaintpierredalbigny.fr\/index.php?rest_route=\/wp\/v2\/posts\/456","targetHints":{"allow":["GET"]}}],"collection":[{"href":"https:\/\/orguesaintpierredalbigny.fr\/index.php?rest_route=\/wp\/v2\/posts"}],"about":[{"href":"https:\/\/orguesaintpierredalbigny.fr\/index.php?rest_route=\/wp\/v2\/types\/post"}],"author":[{"embeddable":true,"href":"https:\/\/orguesaintpierredalbigny.fr\/index.php?rest_route=\/wp\/v2\/users\/1"}],"replies":[{"embeddable":true,"href":"https:\/\/orguesaintpierredalbigny.fr\/index.php?rest_route=%2Fwp%2Fv2%2Fcomments&post=456"}],"version-history":[{"count":22,"href":"https:\/\/orguesaintpierredalbigny.fr\/index.php?rest_route=\/wp\/v2\/posts\/456\/revisions"}],"predecessor-version":[{"id":599,"href":"https:\/\/orguesaintpierredalbigny.fr\/index.php?rest_route=\/wp\/v2\/posts\/456\/revisions\/599"}],"wp:attachment":[{"href":"https:\/\/orguesaintpierredalbigny.fr\/index.php?rest_route=%2Fwp%2Fv2%2Fmedia&parent=456"}],"wp:term":[{"taxonomy":"category","embeddable":true,"href":"https:\/\/orguesaintpierredalbigny.fr\/index.php?rest_route=%2Fwp%2Fv2%2Fcategories&post=456"},{"taxonomy":"post_tag","embeddable":true,"href":"https:\/\/orguesaintpierredalbigny.fr\/index.php?rest_route=%2Fwp%2Fv2%2Ftags&post=456"}],"curies":[{"name":"wp","href":"https:\/\/api.w.org\/{rel}","templated":true}]}}