{"id":52,"date":"2016-11-13T00:30:37","date_gmt":"2016-11-12T23:30:37","guid":{"rendered":"http:\/\/orguesaintpierredalbigny.fr\/?p=52"},"modified":"2017-12-07T23:09:17","modified_gmt":"2017-12-07T22:09:17","slug":"cd-de-laurent-carle-les-six-sonates-en-trio-bwv-525-530-de-johann-sebastian-bach","status":"publish","type":"post","link":"https:\/\/orguesaintpierredalbigny.fr\/?p=52","title":{"rendered":"CD de Laurent CARLE &#8211; Les six sonates en trio BWV 525-530 de Johann Sebastian Bach"},"content":{"rendered":"<figure id=\"attachment_55\" aria-describedby=\"caption-attachment-55\" style=\"width: 300px\" class=\"wp-caption alignleft\"><img loading=\"lazy\" decoding=\"async\" class=\"wp-image-55 size-medium\" src=\"https:\/\/orguesaintpierredalbigny.fr\/wp-content\/uploads\/2016\/11\/Laurent-Carle-St-Pierre-300x232.jpg\" alt=\"Laurent CARLE \u00e0 l'orgue de Saint Pierre d'Albigny\" width=\"300\" height=\"232\" srcset=\"https:\/\/orguesaintpierredalbigny.fr\/wp-content\/uploads\/2016\/11\/Laurent-Carle-St-Pierre-300x232.jpg 300w, https:\/\/orguesaintpierredalbigny.fr\/wp-content\/uploads\/2016\/11\/Laurent-Carle-St-Pierre.jpg 391w\" sizes=\"auto, (max-width: 300px) 85vw, 300px\" \/><figcaption id=\"caption-attachment-55\" class=\"wp-caption-text\">Laurent CARLE \u00e0 l&rsquo;orgue de Saint Pierre d&rsquo;Albigny<\/figcaption><\/figure>\n<p>Laurent CARLE, professeur d\u2019\u00e9criture, de culture musicale et d\u2019orgue au Conservatoire Henri Duparc du Grand Tarbes et organiste titulaire des Grandes Orgues de la Cath\u00e9drale de Tarbes, a enregistr\u00e9 un CD sur l&rsquo;orgue \u00ab\u00a0Dominique Thomas\u00a0\u00bb de Saint Pierre d&rsquo;Albigny, concr\u00e9tisant ainsi ce projet, n\u00e9 d&rsquo;un coup de coeur lors du concert m\u00e9morable donn\u00e9 le 20 juillet 2014.<\/p>\n<p>Cet enregistrement a \u00e9t\u00e9 r\u00e9alis\u00e9 les 9 et 10 ao\u00fbt 2016 par la maison de production Claviorganum\u00a0:<br \/>\n&#8211;\u00a0ing\u00e9nieur du son : St\u00e9phane Aguettaz<br \/>\n&#8211;\u00a0direction artistique : Thibaut Duret<\/p>\n<p>Voici le programme parfaitement adapt\u00e9 \u00e0 l&rsquo;instrument que Laurent CARLE\u00a0nous propose \u00e0 l&rsquo;orgue de Saint-Pierre d&rsquo;Albigny :<\/p>\n<h4>Johann Sebastian BACH (1685-1750)<br \/>\nLES SIX SONATES EN TRIO (BWV 525-530)<\/h4>\n<figure id=\"attachment_56\" aria-describedby=\"caption-attachment-56\" style=\"width: 173px\" class=\"wp-caption alignleft\"><img loading=\"lazy\" decoding=\"async\" class=\" wp-image-56\" src=\"https:\/\/orguesaintpierredalbigny.fr\/wp-content\/uploads\/2016\/11\/JS-Bach.jpg\" alt=\"Johann Sebastian Bach\" width=\"173\" height=\"235\" \/><figcaption id=\"caption-attachment-56\" class=\"wp-caption-text\">Johann Sebastian Bach<\/figcaption><\/figure>\n<p>Destin\u00e9es \u00e0 perfectionner la formation technique et musicale du fils a\u00een\u00e9 du Cantor, Wilhelm Friedemann, \u00e2g\u00e9\u00a0de 13 ans, ces Sonates sont consid\u00e9r\u00e9es comme des chefs-d&rsquo;oeuvres d&rsquo;une difficult\u00e9 extr\u00eame. Elles sont en trois\u00a0mouvements, g\u00e9n\u00e9ralement selon l&rsquo;ordonnance du Concerto vivaldien : vif-lent-vif. Le titre Sonates en Trio indique\u00a0qu&rsquo;il s&rsquo;agit d\u2019oeuvres \u00e9crites strictement en contrepoint \u00e0 trois voix.<\/p>\n<h4>VENTE<\/h4>\n<p>Exceptionnellement, du 10 d\u00e9cembre 2017 au 15 janvier 2018, le CD est en vente aupr\u00e8s de l&rsquo;association au <em>prix promotionnel de 10 \u20ac<\/em> (frais de port de 2 \u20ac en plus) :\u00a0vous pouvez commander le CD en contactant l&rsquo;association par email : voir la rubrique <a href=\"https:\/\/orguesaintpierredalbigny.fr\/?cat=7\" target=\"_blank\" rel=\"noopener\">Informations Pratiques<\/a>.\u00a0 Le CD est en vente sur place, sans frais de port, lors des concerts, notamment le 10 d\u00e9cembre 2017 et le 14 janvier 2018 (voir rubrique Concerts).<\/p>\n<p>A partir du 16 janvier 2018,\u00a0le CD sera en vente, au prix habituel de 15 \u20ac (frais de port en plus)<\/p>\n<h4>PRE-ECOUTE du CD<\/h4>\n<p>Vous pouvez \u00e9couter des <a href=\"https:\/\/claviorganum.fr\/jean-sebastien-bach-6-trio-sonatas-preecoute\" target=\"_blank\" rel=\"noopener\">extraits du CD<\/a> sur le site du Label Claviorganum.<\/p>\n","protected":false},"excerpt":{"rendered":"<p>Laurent CARLE, professeur d\u2019\u00e9criture, de culture musicale et d\u2019orgue au Conservatoire Henri Duparc du Grand Tarbes et organiste titulaire des Grandes Orgues de la Cath\u00e9drale de Tarbes, a enregistr\u00e9 un CD sur l&rsquo;orgue \u00ab\u00a0Dominique Thomas\u00a0\u00bb de Saint Pierre d&rsquo;Albigny, concr\u00e9tisant ainsi ce projet, n\u00e9 d&rsquo;un coup de coeur lors du concert m\u00e9morable donn\u00e9 le 20 &hellip; <a href=\"https:\/\/orguesaintpierredalbigny.fr\/?p=52\" class=\"more-link\">Continuer la lecture<span class=\"screen-reader-text\"> de &laquo;&nbsp;CD de Laurent CARLE &#8211; Les six sonates en trio BWV 525-530 de Johann Sebastian Bach&nbsp;&raquo;<\/span><\/a><\/p>\n","protected":false},"author":1,"featured_media":0,"comment_status":"open","ping_status":"open","sticky":false,"template":"","format":"standard","meta":{"footnotes":""},"categories":[5,9],"tags":[],"class_list":["post-52","post","type-post","status-publish","format-standard","hentry","category-annonces","category-enregistrements"],"_links":{"self":[{"href":"https:\/\/orguesaintpierredalbigny.fr\/index.php?rest_route=\/wp\/v2\/posts\/52","targetHints":{"allow":["GET"]}}],"collection":[{"href":"https:\/\/orguesaintpierredalbigny.fr\/index.php?rest_route=\/wp\/v2\/posts"}],"about":[{"href":"https:\/\/orguesaintpierredalbigny.fr\/index.php?rest_route=\/wp\/v2\/types\/post"}],"author":[{"embeddable":true,"href":"https:\/\/orguesaintpierredalbigny.fr\/index.php?rest_route=\/wp\/v2\/users\/1"}],"replies":[{"embeddable":true,"href":"https:\/\/orguesaintpierredalbigny.fr\/index.php?rest_route=%2Fwp%2Fv2%2Fcomments&post=52"}],"version-history":[{"count":11,"href":"https:\/\/orguesaintpierredalbigny.fr\/index.php?rest_route=\/wp\/v2\/posts\/52\/revisions"}],"predecessor-version":[{"id":210,"href":"https:\/\/orguesaintpierredalbigny.fr\/index.php?rest_route=\/wp\/v2\/posts\/52\/revisions\/210"}],"wp:attachment":[{"href":"https:\/\/orguesaintpierredalbigny.fr\/index.php?rest_route=%2Fwp%2Fv2%2Fmedia&parent=52"}],"wp:term":[{"taxonomy":"category","embeddable":true,"href":"https:\/\/orguesaintpierredalbigny.fr\/index.php?rest_route=%2Fwp%2Fv2%2Fcategories&post=52"},{"taxonomy":"post_tag","embeddable":true,"href":"https:\/\/orguesaintpierredalbigny.fr\/index.php?rest_route=%2Fwp%2Fv2%2Ftags&post=52"}],"curies":[{"name":"wp","href":"https:\/\/api.w.org\/{rel}","templated":true}]}}