{"id":537,"date":"2025-05-04T13:04:36","date_gmt":"2025-05-04T11:04:36","guid":{"rendered":"https:\/\/orguesaintpierredalbigny.fr\/?p=537"},"modified":"2026-01-09T18:36:26","modified_gmt":"2026-01-09T17:36:26","slug":"concert-de-nouvel-an-dimanche-19-janvier-2025-a-17h","status":"publish","type":"post","link":"https:\/\/orguesaintpierredalbigny.fr\/?p=537","title":{"rendered":"Concert de Nouvel an\u00a0 \u2013 dimanche 19 janvier 2025 \u00e0 17h"},"content":{"rendered":"\n<p>Federico TERZI dans un programme \u00ab&nbsp;a gusto italiano&nbsp;\u00bb, musique baroque italienne.<\/p>\n\n\n<div class=\"wp-block-image\">\n<figure class=\"aligncenter\"><img loading=\"lazy\" decoding=\"async\" width=\"1024\" height=\"683\" src=\"https:\/\/orguesaintpierredalbigny.fr\/wp-content\/uploads\/2025\/01\/photo-terzi-1024x683.jpg\" alt=\"\" class=\"wp-image-529\" srcset=\"https:\/\/orguesaintpierredalbigny.fr\/wp-content\/uploads\/2025\/01\/photo-terzi-1024x683.jpg 1024w, https:\/\/orguesaintpierredalbigny.fr\/wp-content\/uploads\/2025\/01\/photo-terzi-300x200.jpg 300w, https:\/\/orguesaintpierredalbigny.fr\/wp-content\/uploads\/2025\/01\/photo-terzi-768x512.jpg 768w, https:\/\/orguesaintpierredalbigny.fr\/wp-content\/uploads\/2025\/01\/photo-terzi-1200x801.jpg 1200w, https:\/\/orguesaintpierredalbigny.fr\/wp-content\/uploads\/2025\/01\/photo-terzi.jpg 1472w\" sizes=\"auto, (max-width: 709px) 85vw, (max-width: 909px) 67vw, (max-width: 1362px) 62vw, 840px\" \/><\/figure>\n<\/div>\n\n\n<p>Vivaldi, Frescobaldi, Merula, Fasolo, Rossi, Zipoli, Valeri, Bertoldo<\/p>\n\n\n\n<p>Avec des \u0153uvres red\u00e9couvertes, donc \u00ab&nbsp;in\u00e9dites &nbsp;\u00bb !<\/p>\n\n\n\n<h1 class=\"wp-block-heading\">Dimanche 11 Mai 2025 : Jan Willem JANSEN &#8211; R\u00e9cital anniversaire des 20 ans de l&rsquo;association<\/h1>\n\n\n\n<p>Pour f\u00eater ses 20 ans, l&rsquo;association organise un r\u00e9cital d&rsquo;orgue avec le Maestro Jan Willem JANSEN. Dans un programme r\u00e9jouissant appel\u00e9&nbsp; <strong>\u00a0\u00bb Les pieds en l&rsquo;air &#8230; &#8211; une invitation \u00e0 la danse\u00a0\u00bb<\/strong>, venez passer un anniversaire musical festif ! A l&rsquo;issue du concert, on poursuivra les festivit\u00e9s avec un pot de l&rsquo;amiti\u00e9.&nbsp;<\/p>\n\n\n<div class=\"wp-block-image\">\n<figure class=\"aligncenter\"><img loading=\"lazy\" decoding=\"async\" width=\"462\" height=\"410\" src=\"https:\/\/orguesaintpierredalbigny.fr\/wp-content\/uploads\/2025\/05\/jwjansenzwartbon.jpg\" alt=\"\" class=\"wp-image-542\" srcset=\"https:\/\/orguesaintpierredalbigny.fr\/wp-content\/uploads\/2025\/05\/jwjansenzwartbon.jpg 462w, https:\/\/orguesaintpierredalbigny.fr\/wp-content\/uploads\/2025\/05\/jwjansenzwartbon-300x266.jpg 300w\" sizes=\"auto, (max-width: 462px) 85vw, 462px\" \/><\/figure>\n<\/div>\n\n\n<p><strong>Dietrich BUXTEHUDE (1637-1707)<\/strong><em>Praeludium <\/em>[<em>Fuga &amp; Ciacona <\/em>] <em>in C Pedaliter <\/em>BuxWV 137<\/p>\n\n\n\n<p><strong>Johann Sebastian BACH (1685-1750)<\/strong> <em>Passacalia en c mineur con Pedale&nbsp; <\/em>BWV 582<\/p>\n\n\n\n<p><strong>Dietrich BUXTEHUDE (1637-1707)<\/strong>&nbsp;<em>Passacalia Pedaliter <\/em>BuxWV 161 &nbsp; &nbsp; &nbsp; &nbsp; &nbsp; &nbsp; &nbsp; &nbsp; &nbsp; &nbsp; &nbsp; &nbsp; &nbsp; &nbsp; &nbsp; &nbsp; &nbsp; &nbsp; &nbsp; &nbsp; &nbsp; &nbsp; &nbsp; &nbsp; &nbsp; &nbsp; &nbsp; &nbsp; &nbsp; &nbsp; &nbsp; &nbsp; &nbsp; &nbsp; &nbsp; &nbsp; &nbsp; &nbsp; &nbsp; &nbsp; &nbsp; &nbsp; &nbsp; &nbsp; &nbsp; &nbsp; &nbsp; &nbsp; &nbsp; &nbsp; &nbsp; &nbsp; &nbsp; &nbsp; &nbsp; &nbsp; &nbsp;<em> Ciacona. <\/em>BuxWV 160<\/p>\n\n\n\n<p><strong>Juan CABANILLES (1644-1712)<\/strong><em>Corrente Italiana &nbsp; &nbsp; &nbsp; &nbsp; &nbsp; &nbsp; &nbsp; &nbsp; &nbsp; &nbsp; &nbsp; &nbsp; &nbsp; &nbsp; &nbsp; &nbsp; &nbsp; &nbsp; &nbsp; &nbsp; &nbsp; &nbsp; &nbsp; &nbsp; &nbsp; &nbsp; &nbsp; &nbsp; &nbsp; &nbsp; &nbsp; &nbsp; &nbsp; &nbsp; &nbsp; &nbsp; &nbsp; &nbsp; &nbsp; &nbsp; &nbsp; &nbsp; &nbsp; &nbsp; &nbsp; &nbsp; &nbsp; &nbsp; &nbsp; &nbsp; &nbsp; &nbsp; &nbsp; &nbsp; &nbsp; &nbsp; &nbsp; &nbsp; &nbsp; &nbsp; &nbsp; &nbsp; &nbsp; &nbsp; &nbsp; &nbsp; &nbsp; &nbsp; &nbsp; &nbsp; &nbsp; &nbsp; &nbsp; &nbsp;<\/em><em> Passacalles de 1\u00b0 tono. &nbsp; &nbsp; &nbsp; &nbsp; &nbsp; &nbsp; &nbsp; &nbsp; &nbsp; &nbsp; &nbsp; &nbsp; &nbsp; &nbsp; &nbsp; &nbsp; &nbsp; &nbsp; &nbsp; &nbsp; &nbsp; &nbsp; &nbsp; &nbsp; &nbsp; &nbsp; &nbsp; &nbsp; &nbsp; &nbsp; &nbsp; &nbsp; &nbsp; &nbsp; &nbsp; &nbsp; &nbsp; &nbsp; &nbsp; &nbsp; &nbsp; &nbsp; &nbsp; &nbsp; &nbsp; &nbsp; &nbsp; &nbsp; &nbsp; &nbsp; &nbsp; &nbsp; &nbsp; &nbsp; &nbsp; &nbsp; &nbsp; &nbsp; &nbsp; &nbsp; &nbsp; &nbsp; &nbsp; &nbsp; &nbsp; &nbsp; &nbsp; &nbsp; &nbsp;<\/em><em> Tiento 1\u00b0 tono en tersio a modo de Italia<\/em><\/p>\n\n\n\n<p><strong>William BYRD (1539\/40-1623)<\/strong> <em>Ground<\/em><\/p>\n\n\n\n<p><strong>Hugh ASTON (1480-1522)<\/strong>&nbsp; &nbsp;&nbsp;&nbsp;&nbsp;&nbsp;&nbsp;&nbsp;&nbsp;&nbsp;&nbsp;&nbsp;&nbsp; <em>A Hornepype<\/em><\/p>\n\n\n\n<p><strong>Thomas TOMKINS (1572-1656) &nbsp; &nbsp; &nbsp; &nbsp; &nbsp; &nbsp;<\/strong><em>A Ground<\/em><\/p>\n\n\n\n<h1 class=\"wp-block-heading\">Concert Violon, Soprano et Orgue,&nbsp; \u2013 dimanche 29 juin \u00e0 17h<\/h1>\n\n\n<div class=\"wp-block-image\">\n<figure class=\"aligncenter\"><img loading=\"lazy\" decoding=\"async\" width=\"1024\" height=\"914\" src=\"https:\/\/orguesaintpierredalbigny.fr\/wp-content\/uploads\/2025\/06\/ZCoverOVNIcantataHD-1024x914.jpg\" alt=\"\" class=\"wp-image-549\" srcset=\"https:\/\/orguesaintpierredalbigny.fr\/wp-content\/uploads\/2025\/06\/ZCoverOVNIcantataHD-1024x914.jpg 1024w, https:\/\/orguesaintpierredalbigny.fr\/wp-content\/uploads\/2025\/06\/ZCoverOVNIcantataHD-300x268.jpg 300w, https:\/\/orguesaintpierredalbigny.fr\/wp-content\/uploads\/2025\/06\/ZCoverOVNIcantataHD-768x686.jpg 768w, https:\/\/orguesaintpierredalbigny.fr\/wp-content\/uploads\/2025\/06\/ZCoverOVNIcantataHD-1536x1371.jpg 1536w, https:\/\/orguesaintpierredalbigny.fr\/wp-content\/uploads\/2025\/06\/ZCoverOVNIcantataHD-2048x1828.jpg 2048w, https:\/\/orguesaintpierredalbigny.fr\/wp-content\/uploads\/2025\/06\/ZCoverOVNIcantataHD-1200x1071.jpg 1200w\" sizes=\"auto, (max-width: 709px) 85vw, (max-width: 909px) 67vw, (max-width: 1362px) 62vw, 840px\" \/><\/figure>\n<\/div>\n\n\n<p>Depuis 2017, Emmanuelle Dauvin, comme Nicolaus Bruhns \u00e0 la fin du dix-septi\u00e8me si\u00e8cle, joue du violon en s\u2019accompagnant au p\u00e9dalier de l\u2019orgue \u2013 c\u2019est l\u2019OVNI Baroque : une pratique spectaculaire mais oubli\u00e9e. Avec la soprano Heather Newhouse, elle cr\u00e9e le programme Cantata a 2 : un parcours d\u2019airs et de pi\u00e8ces instrumentales, pour soprano, violon et basse de J.S. Bach, \u00e0 red\u00e9couvrir dans un agencement in\u00e9dit. Les airs y apparaissent dans l\u2019\u00e9quilibre d\u2019une sonate en trio dont l\u2019une des parties porte un texte. La sobri\u00e9t\u00e9 de ce trio \u00e0 deux r\u00e9v\u00e8le une pl\u00e9nitude inattendue.<\/p>\n\n\n\n<p>A l\u2019occasion de la sortie du CD enregistr\u00e9 par Emmanuelle Dauvin \u00e0 St-Pierre d\u2019Albigny. Emmanuelle Dauvin (violon), Heather Newhouse (chanteuse Soprane), Frederik Haas (orgue).<\/p>\n\n\n\n<p>Concert \u00e0 entr\u00e9e libre, libre participation au profit des musiciens, vente et d\u00e9dicace du CD, retransmission vid\u00e9o sur grand \u00e9cran.<\/p>\n\n\n\n<h1 class=\"wp-block-heading\">Concert \u00ab&nbsp;de Bach \u00e0 Brubeck&nbsp;\u00bb&nbsp; \u2013 mercredi 9 juillet \u00e0 20h \u2013 Laurent CARLE<\/h1>\n\n\n\n<p>\u00ab de Bach \u00e0 Brubeck \u00bb, avec des \u0153uvres de Bach, Krebs, Homilius, Mozart en regard avec des morceaux jazz choisis pour l\u2019orgue de Saint Pierre. Un programme r\u00e9cr\u00e9atif et estival. Libre participation.&nbsp;<\/p>\n\n\n<div class=\"wp-block-image\">\n<figure class=\"aligncenter\"><img loading=\"lazy\" decoding=\"async\" width=\"724\" height=\"1024\" src=\"https:\/\/orguesaintpierredalbigny.fr\/wp-content\/uploads\/2025\/06\/Visuel-concert-Saint-Pierre-0907-724x1024.jpg\" alt=\"\" class=\"wp-image-553\" srcset=\"https:\/\/orguesaintpierredalbigny.fr\/wp-content\/uploads\/2025\/06\/Visuel-concert-Saint-Pierre-0907-724x1024.jpg 724w, https:\/\/orguesaintpierredalbigny.fr\/wp-content\/uploads\/2025\/06\/Visuel-concert-Saint-Pierre-0907-212x300.jpg 212w, https:\/\/orguesaintpierredalbigny.fr\/wp-content\/uploads\/2025\/06\/Visuel-concert-Saint-Pierre-0907-768x1086.jpg 768w, https:\/\/orguesaintpierredalbigny.fr\/wp-content\/uploads\/2025\/06\/Visuel-concert-Saint-Pierre-0907-1086x1536.jpg 1086w, https:\/\/orguesaintpierredalbigny.fr\/wp-content\/uploads\/2025\/06\/Visuel-concert-Saint-Pierre-0907-1448x2048.jpg 1448w, https:\/\/orguesaintpierredalbigny.fr\/wp-content\/uploads\/2025\/06\/Visuel-concert-Saint-Pierre-0907-1200x1697.jpg 1200w, https:\/\/orguesaintpierredalbigny.fr\/wp-content\/uploads\/2025\/06\/Visuel-concert-Saint-Pierre-0907-scaled.jpg 1810w\" sizes=\"auto, (max-width: 709px) 85vw, (max-width: 909px) 67vw, (max-width: 984px) 61vw, (max-width: 1362px) 45vw, 600px\" \/><\/figure>\n<\/div>\n\n\n<p><strong>20 juillet 2025 <\/strong>: ouverture du stage d&rsquo;orgue <\/p>\n\n\n\n<figure class=\"wp-block-image size-large\"><img loading=\"lazy\" decoding=\"async\" width=\"725\" height=\"1024\" src=\"https:\/\/orguesaintpierredalbigny.fr\/wp-content\/uploads\/2025\/05\/Affiche-concert-dimanche-Saint-Pierre-dAlbigny-725x1024.jpg\" alt=\"\" class=\"wp-image-569\" srcset=\"https:\/\/orguesaintpierredalbigny.fr\/wp-content\/uploads\/2025\/05\/Affiche-concert-dimanche-Saint-Pierre-dAlbigny-725x1024.jpg 725w, https:\/\/orguesaintpierredalbigny.fr\/wp-content\/uploads\/2025\/05\/Affiche-concert-dimanche-Saint-Pierre-dAlbigny-212x300.jpg 212w, https:\/\/orguesaintpierredalbigny.fr\/wp-content\/uploads\/2025\/05\/Affiche-concert-dimanche-Saint-Pierre-dAlbigny-768x1085.jpg 768w, https:\/\/orguesaintpierredalbigny.fr\/wp-content\/uploads\/2025\/05\/Affiche-concert-dimanche-Saint-Pierre-dAlbigny-1087x1536.jpg 1087w, https:\/\/orguesaintpierredalbigny.fr\/wp-content\/uploads\/2025\/05\/Affiche-concert-dimanche-Saint-Pierre-dAlbigny-1450x2048.jpg 1450w, https:\/\/orguesaintpierredalbigny.fr\/wp-content\/uploads\/2025\/05\/Affiche-concert-dimanche-Saint-Pierre-dAlbigny-1200x1695.jpg 1200w, https:\/\/orguesaintpierredalbigny.fr\/wp-content\/uploads\/2025\/05\/Affiche-concert-dimanche-Saint-Pierre-dAlbigny-scaled.jpg 1812w\" sizes=\"auto, (max-width: 709px) 85vw, (max-width: 909px) 67vw, (max-width: 984px) 61vw, (max-width: 1362px) 45vw, 600px\" \/><\/figure>\n\n\n\n<h1 class=\"wp-block-heading\">Concert Traverso et Orgue &#8211; 5 octobre \u00e0 17h<\/h1>\n\n\n\n<p>Avec C\u00e9cile Leroy (fl\u00fbte) et notre professeur d&rsquo;orgue et concertiste Laurent Carle.<\/p>\n\n\n\n<figure class=\"wp-block-image\"><img loading=\"lazy\" decoding=\"async\" width=\"1024\" height=\"768\" src=\"https:\/\/orguesaintpierredalbigny.fr\/wp-content\/uploads\/2025\/09\/IMG20250904141914-1024x768.jpg\" alt=\"\" class=\"wp-image-557\" srcset=\"https:\/\/orguesaintpierredalbigny.fr\/wp-content\/uploads\/2025\/09\/IMG20250904141914-1024x768.jpg 1024w, https:\/\/orguesaintpierredalbigny.fr\/wp-content\/uploads\/2025\/09\/IMG20250904141914-300x225.jpg 300w, https:\/\/orguesaintpierredalbigny.fr\/wp-content\/uploads\/2025\/09\/IMG20250904141914-768x576.jpg 768w, https:\/\/orguesaintpierredalbigny.fr\/wp-content\/uploads\/2025\/09\/IMG20250904141914-1536x1152.jpg 1536w, https:\/\/orguesaintpierredalbigny.fr\/wp-content\/uploads\/2025\/09\/IMG20250904141914-2048x1536.jpg 2048w, https:\/\/orguesaintpierredalbigny.fr\/wp-content\/uploads\/2025\/09\/IMG20250904141914-1200x900.jpg 1200w\" sizes=\"auto, (max-width: 709px) 85vw, (max-width: 909px) 67vw, (max-width: 1362px) 62vw, 840px\" \/><\/figure>\n\n\n\n<p>Le Traverso est la fl\u00fbte traversi\u00e8re baroque. Sa douceur, sa richesse expressive en font un instrument soliste de pr\u00e9dilection de nombreux compositeurs du XVIIe et XVIIIe si\u00e8cle. Nos musiciens, C\u00e9cile LEROY et Laurent CARLE, nous convient \u00e0 ce voyage musical qu&rsquo;ils ont nomm\u00e9 <strong>\u00ab\u00a0Traverso et orgue, gr\u00e2ce et ornementation\u00a0\u00bb<\/strong>.&nbsp;<\/p>\n\n\n\n<p><strong>Carl-Philip Emmanuel BACH<\/strong><br><em>-Preludio per il Organo a 2 Tastature e Pedale&nbsp; <\/em><em>(orgue seul)<\/em><br><em>-Sonate en la mineur Wq 128&nbsp;<\/em><br><em>Andante ; Allegro ; Vivace <\/em><em>(traverso+orgue)<\/em><br><strong>Jean-S\u00e9bastien BACH<\/strong><br><em>-Sonate en mi mineur BWV 1034 (extraits)<\/em><br><em>Adagio ma non tanto ; Allegro ; Andante (traverso+orgue)<\/em><br><strong>Josef HAYDN<\/strong><br><em>Quatre pi\u00e8ces pour horloge-fl\u00fbte (orgue seul)<\/em><br><em>1-Allegro<\/em><br><em>2-Allegretto<\/em><br><em>3-Menuett<\/em><br><em>4-Fuga, allegro&nbsp;<\/em><br><strong>Elisabeth JACQUET DE LA GUERRE<\/strong><br><em>-Sonata en r\u00e9 mineur<\/em><br><em>[Adagio] ; Presto ; Adagio-presto-adagio ; Presto ; Aria ; Presto&nbsp; <\/em>(traverso+orgue)<br><strong>Michel PIGNOLET DE MONT\u00c9CLAIR<\/strong><br>-Deuxi\u00e8me concert pour la fl\u00fbte traversi\u00e8re (extraits)<br>Pr\u00e9lude ; Allemande ; Courante \u00e0 l\u2019italienne ; Plainte ; Sarabande ; Le R\u00e9mouleur (traverso+orgue)<\/p>\n\n\n\n<h1 class=\"wp-block-heading\">Journ\u00e9es du Patrimoine &#8211; samedi 20 septembre 10h-12h<\/h1>\n\n\n<div class=\"wp-block-image\">\n<figure class=\"aligncenter\"><img loading=\"lazy\" decoding=\"async\" width=\"724\" height=\"1024\" src=\"https:\/\/orguesaintpierredalbigny.fr\/wp-content\/uploads\/2025\/09\/AFFICHE-JOURNEES-DU-PATRIMOINE-2025-724x1024.jpg\" alt=\"\" class=\"wp-image-564\" srcset=\"https:\/\/orguesaintpierredalbigny.fr\/wp-content\/uploads\/2025\/09\/AFFICHE-JOURNEES-DU-PATRIMOINE-2025-724x1024.jpg 724w, https:\/\/orguesaintpierredalbigny.fr\/wp-content\/uploads\/2025\/09\/AFFICHE-JOURNEES-DU-PATRIMOINE-2025-212x300.jpg 212w, https:\/\/orguesaintpierredalbigny.fr\/wp-content\/uploads\/2025\/09\/AFFICHE-JOURNEES-DU-PATRIMOINE-2025-768x1086.jpg 768w, https:\/\/orguesaintpierredalbigny.fr\/wp-content\/uploads\/2025\/09\/AFFICHE-JOURNEES-DU-PATRIMOINE-2025-1086x1536.jpg 1086w, https:\/\/orguesaintpierredalbigny.fr\/wp-content\/uploads\/2025\/09\/AFFICHE-JOURNEES-DU-PATRIMOINE-2025-1448x2048.jpg 1448w, https:\/\/orguesaintpierredalbigny.fr\/wp-content\/uploads\/2025\/09\/AFFICHE-JOURNEES-DU-PATRIMOINE-2025-1200x1697.jpg 1200w, https:\/\/orguesaintpierredalbigny.fr\/wp-content\/uploads\/2025\/09\/AFFICHE-JOURNEES-DU-PATRIMOINE-2025-scaled.jpg 1810w\" sizes=\"auto, (max-width: 709px) 85vw, (max-width: 909px) 67vw, (max-width: 984px) 61vw, (max-width: 1362px) 45vw, 600px\" \/><\/figure>\n<\/div>\n\n\n<p>Venez d\u00e9couvrir l&rsquo;orgue de pr\u00e8s \u00e0 la tribune. Visite comment\u00e9e et illustrations musicales. Enfants bienvenus.&nbsp;<\/p>\n\n\n\n<h1 class=\"wp-block-heading\">Concert \u00ab\u00a0jeunes talents\u00a0\u00bb &#8211; 7 d\u00e9cembre 2025<\/h1>\n\n\n\n<p>Cette ann\u00e9e, l&rsquo;association des Amis de l&rsquo;orgue de St-Pierre d&rsquo;Albigny invite trois grands \u00e9l\u00e8ves du Conservatoire \u00e0 Rayonnement R\u00e9gional de Lyon&nbsp;:<strong> Antoine Joly, Elouan Kerdoncuff et Samuel Lihotsk<\/strong><strong>\u00fd.&nbsp; <\/strong>Accompagn\u00e9s de leurs professeurs <strong>Lionel Avot<\/strong> et <strong>Yves Lafargue<\/strong>, qui participeront \u00e9galement au concert, les \u00e9l\u00e8ves interpr\u00e9teront des \u0153uvres de <strong>Johann Sebastian Bach, Nikolaus Bruhns et Alexandre-Pierre-Fran\u00e7ois Bo\u00ebly.<\/strong><\/p>\n","protected":false},"excerpt":{"rendered":"<p>Federico TERZI dans un programme \u00ab&nbsp;a gusto italiano&nbsp;\u00bb, musique baroque italienne. Vivaldi, Frescobaldi, Merula, Fasolo, Rossi, Zipoli, Valeri, Bertoldo Avec des \u0153uvres red\u00e9couvertes, donc \u00ab&nbsp;in\u00e9dites &nbsp;\u00bb ! Dimanche 11 Mai 2025 : Jan Willem JANSEN &#8211; R\u00e9cital anniversaire des 20 ans de l&rsquo;association Pour f\u00eater ses 20 ans, l&rsquo;association organise un r\u00e9cital d&rsquo;orgue avec le &hellip; <a href=\"https:\/\/orguesaintpierredalbigny.fr\/?p=537\" class=\"more-link\">Continuer la lecture<span class=\"screen-reader-text\"> de &laquo;&nbsp;Concert de Nouvel an\u00a0 \u2013 dimanche 19 janvier 2025 \u00e0 17h&nbsp;&raquo;<\/span><\/a><\/p>\n","protected":false},"author":1,"featured_media":0,"comment_status":"closed","ping_status":"open","sticky":false,"template":"","format":"standard","meta":{"footnotes":""},"categories":[24],"tags":[],"class_list":["post-537","post","type-post","status-publish","format-standard","hentry","category-concerts-2025"],"_links":{"self":[{"href":"https:\/\/orguesaintpierredalbigny.fr\/index.php?rest_route=\/wp\/v2\/posts\/537","targetHints":{"allow":["GET"]}}],"collection":[{"href":"https:\/\/orguesaintpierredalbigny.fr\/index.php?rest_route=\/wp\/v2\/posts"}],"about":[{"href":"https:\/\/orguesaintpierredalbigny.fr\/index.php?rest_route=\/wp\/v2\/types\/post"}],"author":[{"embeddable":true,"href":"https:\/\/orguesaintpierredalbigny.fr\/index.php?rest_route=\/wp\/v2\/users\/1"}],"replies":[{"embeddable":true,"href":"https:\/\/orguesaintpierredalbigny.fr\/index.php?rest_route=%2Fwp%2Fv2%2Fcomments&post=537"}],"version-history":[{"count":5,"href":"https:\/\/orguesaintpierredalbigny.fr\/index.php?rest_route=\/wp\/v2\/posts\/537\/revisions"}],"predecessor-version":[{"id":575,"href":"https:\/\/orguesaintpierredalbigny.fr\/index.php?rest_route=\/wp\/v2\/posts\/537\/revisions\/575"}],"wp:attachment":[{"href":"https:\/\/orguesaintpierredalbigny.fr\/index.php?rest_route=%2Fwp%2Fv2%2Fmedia&parent=537"}],"wp:term":[{"taxonomy":"category","embeddable":true,"href":"https:\/\/orguesaintpierredalbigny.fr\/index.php?rest_route=%2Fwp%2Fv2%2Fcategories&post=537"},{"taxonomy":"post_tag","embeddable":true,"href":"https:\/\/orguesaintpierredalbigny.fr\/index.php?rest_route=%2Fwp%2Fv2%2Ftags&post=537"}],"curies":[{"name":"wp","href":"https:\/\/api.w.org\/{rel}","templated":true}]}}