{"id":59,"date":"2016-11-13T18:00:22","date_gmt":"2016-11-13T17:00:22","guid":{"rendered":"http:\/\/orguesaintpierredalbigny.fr\/?p=59"},"modified":"2026-02-19T19:02:58","modified_gmt":"2026-02-19T18:02:58","slug":"contacter-lassociation","status":"publish","type":"post","link":"https:\/\/orguesaintpierredalbigny.fr\/?p=59","title":{"rendered":"Contacter l&rsquo;association"},"content":{"rendered":"<p>Vous pouvez contacter\u00a0l&rsquo;Association des amis de l&rsquo;orgue de Saint-Pierre d&rsquo;Albigny :<\/p>\n<ul>\n<li>par t\u00e9l\u00e9phone :<\/li>\n<\/ul>\n<p><img loading=\"lazy\" decoding=\"async\" class=\"aligncenter wp-image-588 size-full\" src=\"https:\/\/orguesaintpierredalbigny.fr\/wp-content\/uploads\/2026\/02\/tel-Christine.jpg\" alt=\"\" width=\"206\" height=\"39\" \/><\/p>\n<ul>\n<li>par mail :<\/li>\n<\/ul>\n<p><img loading=\"lazy\" decoding=\"async\" class=\"alignleft size-medium wp-image-38\" src=\"https:\/\/orguesaintpierredalbigny.fr\/wp-content\/uploads\/2016\/11\/Email-Info-300x29.jpg\" alt=\"\" width=\"300\" height=\"29\" srcset=\"https:\/\/orguesaintpierredalbigny.fr\/wp-content\/uploads\/2016\/11\/Email-Info-300x29.jpg 300w, https:\/\/orguesaintpierredalbigny.fr\/wp-content\/uploads\/2016\/11\/Email-Info.jpg 407w\" sizes=\"auto, (max-width: 300px) 85vw, 300px\" \/><\/p>\n<p>&nbsp;<\/p>\n<p>&nbsp;<\/p>\n<ul>\n<li>par courrier :\n<ul>\n<li>Association des Amis de l&rsquo;Orgue de Saint-Pierre d&rsquo;Albigny<br \/>\nPresbyt\u00e8re<br \/>\n73250 Saint Pierre d&rsquo;Albigny<\/li>\n<\/ul>\n<\/li>\n<\/ul>\n<ul>\n<li>sur place : vous pouvez nous rencontrer \u00e0 l&rsquo;entr\u00e9e des concerts, ou lors de la journ\u00e9e des associations de St-Pierre d&rsquo;Albigny, ou encore en venant nous voir lors de la pr\u00e9sentation de l&rsquo;orgue \u00e0 la journ\u00e9e du patrimoine, chaque ann\u00e9e.<\/li>\n<\/ul>\n<p>&nbsp;<\/p>\n","protected":false},"excerpt":{"rendered":"<p>Vous pouvez contacter\u00a0l&rsquo;Association des amis de l&rsquo;orgue de Saint-Pierre d&rsquo;Albigny : par t\u00e9l\u00e9phone : par mail : &nbsp; &nbsp; par courrier : Association des Amis de l&rsquo;Orgue de Saint-Pierre d&rsquo;Albigny Presbyt\u00e8re 73250 Saint Pierre d&rsquo;Albigny sur place : vous pouvez nous rencontrer \u00e0 l&rsquo;entr\u00e9e des concerts, ou lors de la journ\u00e9e des associations de St-Pierre &hellip; <a href=\"https:\/\/orguesaintpierredalbigny.fr\/?p=59\" class=\"more-link\">Continuer la lecture<span class=\"screen-reader-text\"> de &laquo;&nbsp;Contacter l&rsquo;association&nbsp;&raquo;<\/span><\/a><\/p>\n","protected":false},"author":1,"featured_media":0,"comment_status":"open","ping_status":"open","sticky":false,"template":"","format":"standard","meta":{"footnotes":""},"categories":[10],"tags":[],"class_list":["post-59","post","type-post","status-publish","format-standard","hentry","category-association"],"_links":{"self":[{"href":"https:\/\/orguesaintpierredalbigny.fr\/index.php?rest_route=\/wp\/v2\/posts\/59","targetHints":{"allow":["GET"]}}],"collection":[{"href":"https:\/\/orguesaintpierredalbigny.fr\/index.php?rest_route=\/wp\/v2\/posts"}],"about":[{"href":"https:\/\/orguesaintpierredalbigny.fr\/index.php?rest_route=\/wp\/v2\/types\/post"}],"author":[{"embeddable":true,"href":"https:\/\/orguesaintpierredalbigny.fr\/index.php?rest_route=\/wp\/v2\/users\/1"}],"replies":[{"embeddable":true,"href":"https:\/\/orguesaintpierredalbigny.fr\/index.php?rest_route=%2Fwp%2Fv2%2Fcomments&post=59"}],"version-history":[{"count":5,"href":"https:\/\/orguesaintpierredalbigny.fr\/index.php?rest_route=\/wp\/v2\/posts\/59\/revisions"}],"predecessor-version":[{"id":591,"href":"https:\/\/orguesaintpierredalbigny.fr\/index.php?rest_route=\/wp\/v2\/posts\/59\/revisions\/591"}],"wp:attachment":[{"href":"https:\/\/orguesaintpierredalbigny.fr\/index.php?rest_route=%2Fwp%2Fv2%2Fmedia&parent=59"}],"wp:term":[{"taxonomy":"category","embeddable":true,"href":"https:\/\/orguesaintpierredalbigny.fr\/index.php?rest_route=%2Fwp%2Fv2%2Fcategories&post=59"},{"taxonomy":"post_tag","embeddable":true,"href":"https:\/\/orguesaintpierredalbigny.fr\/index.php?rest_route=%2Fwp%2Fv2%2Ftags&post=59"}],"curies":[{"name":"wp","href":"https:\/\/api.w.org\/{rel}","templated":true}]}}